{"id":4414,"date":"2019-05-27T07:15:53","date_gmt":"2019-05-27T07:15:53","guid":{"rendered":"http:\/\/dureriskola.hu\/bay\/?p=4414"},"modified":"2019-05-27T07:15:53","modified_gmt":"2019-05-27T07:15:53","slug":"orszagos-szorobanverseny-2019","status":"publish","type":"post","link":"https:\/\/dureriskola.hu\/bay\/?p=4414","title":{"rendered":"Orsz\u00e1gos szorob\u00e1nverseny 2019."},"content":{"rendered":"<div class=\"fcbkbttn_buttons_block\" id=\"fcbkbttn_left\"><div class=\"fcbkbttn_button\">\n                            <a href=\"https:\/\/www.facebook.com\/\" target=\"_blank\">\n                                <img src=\"https:\/\/dureriskola.hu\/bay\/wp-content\/plugins\/facebook-button-plugin\/images\/standard-facebook-ico.png\" alt=\"Fb-Button\" \/>\n                            <\/a>\n                        <\/div><div class=\"fcbkbttn_like \"><fb:like href=\"https:\/\/dureriskola.hu\/bay\/?p=4414\" action=\"like\" colorscheme=\"dark\" layout=\"standard\" show-faces='false' width=\"225px\" size=\"small\"><\/fb:like><\/div><\/div><h6><em><strong>Iskol\u00e1nk 20 tanul\u00f3ja jutott el a Budapesten megrendezett XXI. Orsz\u00e1gos szorob\u00e1nversenyre. Tanul\u00f3ink kitart\u00f3 munk\u00e1val, szorgalommal \u00e9rt\u00e9k el a tov\u00e1bbjut\u00e1s lehet\u0151s\u00e9g\u00e9t.<\/strong><\/em><\/h6>\n<h6><em><strong><span style=\"text-decoration: underline;\">Legeredm\u00e9nyesebb tanul\u00f3ink:<\/span><\/strong><\/em><\/h6>\n<h6 style=\"text-align: center;\"><em><strong>\u00a0Csereszny\u00e9s Nikolett 3. o. \u00a0\u00a0\u00a0\u00a0\u00a0\u00a0\u00a0III. hely<\/strong><\/em><\/h6>\n<h6 style=\"text-align: center;\"><em><strong>\u00a0Erd\u0151di Gerg\u0151\u00a0 4. o.\u00a0\u00a0\u00a0\u00a0\u00a0\u00a0\u00a0\u00a0\u00a0\u00a0\u00a0\u00a0\u00a0\u00a0\u00a0\u00a0\u00a0\u00a0 III. hely<\/strong><\/em><\/h6>\n<h6 style=\"text-align: center;\"><em><strong>\u00a0Kneifel Anna 7. o.\u00a0\u00a0\u00a0\u00a0\u00a0\u00a0\u00a0\u00a0\u00a0\u00a0\u00a0\u00a0\u00a0\u00a0\u00a0\u00a0\u00a0\u00a0\u00a0\u00a0 II. hely<\/strong><\/em><\/h6>\n<h6 style=\"text-align: center;\"><em><strong>Gratul\u00e1lunk minden versenyz\u0151nek, akik kitart\u00f3an k\u00e9sz\u00fcltek a versenyre!<\/strong><\/em><\/h6>\n<h6 style=\"text-align: center;\"><em><strong>A megm\u00e9rettet\u00e9s ut\u00e1n j\u00f6hetett a kikapcsol\u00f3d\u00e1s!<\/strong><\/em><\/h6>\n<h6 style=\"text-align: center;\"><em><strong>Alap\u00edtv\u00e1nyunk t\u00e1mogat\u00e1s\u00e1val a Csod\u00e1k Palot\u00e1j\u00e1ban vezett\u00fck le a fesz\u00fclts\u00e9get!<\/strong><\/em><\/h6>\n<h6 style=\"text-align: center;\"><em><strong>Nagyon j\u00f3l \u00e9rezt\u00fck magunkat!<\/strong> <\/em><\/h6>\n<p>&nbsp;<\/p>\n<p><a href=\"http:\/\/dureriskola.hu\/bay\/wp-content\/uploads\/2019\/05\/60658533_2353608808033116_1581802073903595520_n.jpg\"><img decoding=\"async\" loading=\"lazy\" class=\" size-full wp-image-4415 aligncenter\" src=\"http:\/\/dureriskola.hu\/bay\/wp-content\/uploads\/2019\/05\/60658533_2353608808033116_1581802073903595520_n.jpg\" alt=\"60658533_2353608808033116_1581802073903595520_n\" width=\"1736\" height=\"1302\" srcset=\"https:\/\/dureriskola.hu\/bay\/wp-content\/uploads\/2019\/05\/60658533_2353608808033116_1581802073903595520_n.jpg 1736w, https:\/\/dureriskola.hu\/bay\/wp-content\/uploads\/2019\/05\/60658533_2353608808033116_1581802073903595520_n-300x225.jpg 300w, https:\/\/dureriskola.hu\/bay\/wp-content\/uploads\/2019\/05\/60658533_2353608808033116_1581802073903595520_n-1024x768.jpg 1024w, https:\/\/dureriskola.hu\/bay\/wp-content\/uploads\/2019\/05\/60658533_2353608808033116_1581802073903595520_n-160x120.jpg 160w\" sizes=\"(max-width: 1736px) 100vw, 1736px\" \/><\/a><\/p>\n","protected":false},"excerpt":{"rendered":"<p>Iskol\u00e1nk 20 tanul\u00f3ja jutott el a Budapesten megrendezett XXI. Orsz\u00e1gos szorob\u00e1nversenyre. Tanul\u00f3ink kitart\u00f3 munk\u00e1val, szorgalommal \u00e9rt\u00e9k el a tov\u00e1bbjut\u00e1s lehet\u0151s\u00e9g\u00e9t. Legeredm\u00e9nyesebb tanul\u00f3ink: \u00a0Csereszny\u00e9s Nikolett 3. o. \u00a0\u00a0\u00a0\u00a0\u00a0\u00a0\u00a0III. hely \u00a0Erd\u0151di Gerg\u0151\u00a0 4. o.\u00a0\u00a0\u00a0\u00a0\u00a0\u00a0\u00a0\u00a0\u00a0\u00a0\u00a0\u00a0\u00a0\u00a0\u00a0\u00a0\u00a0\u00a0 III. hely \u00a0Kneifel Anna 7. o.\u00a0\u00a0\u00a0\u00a0\u00a0\u00a0\u00a0\u00a0\u00a0\u00a0\u00a0\u00a0\u00a0\u00a0\u00a0\u00a0\u00a0\u00a0\u00a0\u00a0 II. hely Gratul\u00e1lunk minden versenyz\u0151nek, akik kitart\u00f3an k\u00e9sz\u00fcltek a versenyre! A megm\u00e9rettet\u00e9s ut\u00e1n j\u00f6hetett a kikapcsol\u00f3d\u00e1s! Alap\u00edtv\u00e1nyunk [&hellip;]<\/p>\n","protected":false},"author":1,"featured_media":0,"comment_status":"closed","ping_status":"closed","sticky":false,"template":"","format":"standard","meta":{"footnotes":""},"categories":[1],"tags":[],"_links":{"self":[{"href":"https:\/\/dureriskola.hu\/bay\/index.php?rest_route=\/wp\/v2\/posts\/4414"}],"collection":[{"href":"https:\/\/dureriskola.hu\/bay\/index.php?rest_route=\/wp\/v2\/posts"}],"about":[{"href":"https:\/\/dureriskola.hu\/bay\/index.php?rest_route=\/wp\/v2\/types\/post"}],"author":[{"embeddable":true,"href":"https:\/\/dureriskola.hu\/bay\/index.php?rest_route=\/wp\/v2\/users\/1"}],"replies":[{"embeddable":true,"href":"https:\/\/dureriskola.hu\/bay\/index.php?rest_route=%2Fwp%2Fv2%2Fcomments&post=4414"}],"version-history":[{"count":1,"href":"https:\/\/dureriskola.hu\/bay\/index.php?rest_route=\/wp\/v2\/posts\/4414\/revisions"}],"predecessor-version":[{"id":4416,"href":"https:\/\/dureriskola.hu\/bay\/index.php?rest_route=\/wp\/v2\/posts\/4414\/revisions\/4416"}],"wp:attachment":[{"href":"https:\/\/dureriskola.hu\/bay\/index.php?rest_route=%2Fwp%2Fv2%2Fmedia&parent=4414"}],"wp:term":[{"taxonomy":"category","embeddable":true,"href":"https:\/\/dureriskola.hu\/bay\/index.php?rest_route=%2Fwp%2Fv2%2Fcategories&post=4414"},{"taxonomy":"post_tag","embeddable":true,"href":"https:\/\/dureriskola.hu\/bay\/index.php?rest_route=%2Fwp%2Fv2%2Ftags&post=4414"}],"curies":[{"name":"wp","href":"https:\/\/api.w.org\/{rel}","templated":true}]}}