{"id":4397,"date":"2019-05-07T09:45:38","date_gmt":"2019-05-07T09:45:38","guid":{"rendered":"http:\/\/dureriskola.hu\/bay\/?p=4397"},"modified":"2019-05-07T09:45:38","modified_gmt":"2019-05-07T09:45:38","slug":"jarasi-vers-es-prozamondo-verseny-3","status":"publish","type":"post","link":"https:\/\/dureriskola.hu\/bay\/?p=4397","title":{"rendered":"J\u00c1R\u00c1SI VERS &#8211; \u00c9S PR\u00d3ZAMOND\u00d3 VERSENY"},"content":{"rendered":"<div class=\"fcbkbttn_buttons_block\" id=\"fcbkbttn_left\"><div class=\"fcbkbttn_button\">\n                            <a href=\"https:\/\/www.facebook.com\/\" target=\"_blank\">\n                                <img src=\"https:\/\/dureriskola.hu\/bay\/wp-content\/plugins\/facebook-button-plugin\/images\/standard-facebook-ico.png\" alt=\"Fb-Button\" \/>\n                            <\/a>\n                        <\/div><div class=\"fcbkbttn_like \"><fb:like href=\"https:\/\/dureriskola.hu\/bay\/?p=4397\" action=\"like\" colorscheme=\"dark\" layout=\"standard\" show-faces='false' width=\"225px\" size=\"small\"><\/fb:like><\/div><\/div><h6 style=\"text-align: justify;\"><strong>\u00a0\u00c1prilis 12-\u00e9n ism\u00e9t megm\u00e9rettett\u00fck magunkat az als\u00f3 tagozatos tanul\u00f3k sz\u00e1m\u00e1ra megrendezett Implom J\u00f3zsef J\u00e1r\u00e1si Vers- \u00e9s Pr\u00f3zamond\u00f3 Versenyen, ahol kilenc iskola 60 legjobb vers- \u00e9s pr\u00f3zamond\u00f3i mutatt\u00e1k meg tehets\u00e9g\u00fcket.<\/strong><\/h6>\n<h6><strong>A verseny a hagyom\u00e1nyok szerint a Mogyor\u00f3ssy J\u00e1nos V\u00e1rosi K\u00f6nyvt\u00e1rban ker\u00fclt megrendez\u00e9sre.<\/strong><\/h6>\n<h6 style=\"text-align: center;\">\u00a0<strong><u>M\u00e1sodik\u00a0 oszt\u00e1lyban<\/u><\/strong> <strong>\u00a0vers kateg\u00f3ri\u00e1ban:<\/strong><\/h6>\n<h6 style=\"text-align: center;\"><strong>\u00a0LENDVAI M\u00c1TY\u00c1S\u00a0 I. helyez\u00e9st \u00e9rt el.<\/strong><\/h6>\n<h6 style=\"text-align: center;\"><strong>\/Felk\u00e9sz\u00edt\u0151: Nagyn\u00e9 Ol\u00e1h \u00c9va\/<\/strong><\/h6>\n<p><strong>\u00a0<\/strong><\/p>\n<p><strong>\u00a0<a href=\"http:\/\/dureriskola.hu\/bay\/wp-content\/uploads\/2019\/05\/matyi1.jpg\"><img decoding=\"async\" loading=\"lazy\" class=\"  wp-image-4398 alignleft\" src=\"http:\/\/dureriskola.hu\/bay\/wp-content\/uploads\/2019\/05\/matyi1.jpg\" alt=\"matyi1\" width=\"224\" height=\"299\" srcset=\"https:\/\/dureriskola.hu\/bay\/wp-content\/uploads\/2019\/05\/matyi1.jpg 720w, https:\/\/dureriskola.hu\/bay\/wp-content\/uploads\/2019\/05\/matyi1-225x300.jpg 225w\" sizes=\"(max-width: 224px) 100vw, 224px\" \/><\/a><a href=\"http:\/\/dureriskola.hu\/bay\/wp-content\/uploads\/2019\/05\/Matyi2.jpg\"><img decoding=\"async\" loading=\"lazy\" class=\"  wp-image-4399 alignright\" src=\"http:\/\/dureriskola.hu\/bay\/wp-content\/uploads\/2019\/05\/Matyi2.jpg\" alt=\"Matyi2\" width=\"239\" height=\"290\" srcset=\"https:\/\/dureriskola.hu\/bay\/wp-content\/uploads\/2019\/05\/Matyi2.jpg 593w, https:\/\/dureriskola.hu\/bay\/wp-content\/uploads\/2019\/05\/Matyi2-247x300.jpg 247w\" sizes=\"(max-width: 239px) 100vw, 239px\" \/><\/a><\/strong><\/p>\n<p><strong>\u00a0<\/strong><\/p>\n<p><strong>\u00a0<\/strong><\/p>\n<p><strong>\u00a0<\/strong><\/p>\n<p><strong>\u00a0<\/strong><\/p>\n<p><strong>\u00a0\u00a0\u00a0\u00a0\u00a0\u00a0\u00a0\u00a0\u00a0\u00a0\u00a0\u00a0\u00a0\u00a0\u00a0\u00a0\u00a0\u00a0\u00a0\u00a0\u00a0\u00a0\u00a0\u00a0\u00a0\u00a0\u00a0\u00a0\u00a0\u00a0 \u00a0\u00a0\u00a0<\/strong><\/p>\n<p><strong>\u00a0<\/strong><\/p>\n<p><strong>\u00a0<\/strong><\/p>\n<p><strong>\u00a0<\/strong><\/p>\n<h6 style=\"text-align: center;\"><strong><u>Harmadik oszt\u00e1lyban<\/u><\/strong> <strong>pr\u00f3za kateg\u00f3ri\u00e1ban:<\/strong><\/h6>\n<h6 style=\"text-align: center;\"><strong>S\u00c9LLEI T\u00cdMEA\u00a0 I. helyen v\u00e9gzett.<\/strong><\/h6>\n<h6 style=\"text-align: center;\"><strong>\u00a0\/Felk\u00e9sz\u00edt\u0151: Wittmann-n\u00e9 Katona Krisztina\/<\/strong><\/h6>\n<p><strong>\u00a0<a href=\"http:\/\/dureriskola.hu\/bay\/wp-content\/uploads\/2019\/05\/Timi1.jpg\"><img decoding=\"async\" loading=\"lazy\" class=\"alignnone  wp-image-4400\" src=\"http:\/\/dureriskola.hu\/bay\/wp-content\/uploads\/2019\/05\/Timi1.jpg\" alt=\"Timi1\" width=\"224\" height=\"381\" srcset=\"https:\/\/dureriskola.hu\/bay\/wp-content\/uploads\/2019\/05\/Timi1.jpg 462w, https:\/\/dureriskola.hu\/bay\/wp-content\/uploads\/2019\/05\/Timi1-177x300.jpg 177w\" sizes=\"(max-width: 224px) 100vw, 224px\" \/><\/a><a href=\"http:\/\/dureriskola.hu\/bay\/wp-content\/uploads\/2019\/05\/Timi2.jpg\"><img decoding=\"async\" loading=\"lazy\" class=\"  wp-image-4401 alignright\" src=\"http:\/\/dureriskola.hu\/bay\/wp-content\/uploads\/2019\/05\/Timi2.jpg\" alt=\"Timi2\" width=\"183\" height=\"391\" srcset=\"https:\/\/dureriskola.hu\/bay\/wp-content\/uploads\/2019\/05\/Timi2.jpg 364w, https:\/\/dureriskola.hu\/bay\/wp-content\/uploads\/2019\/05\/Timi2-140x300.jpg 140w\" sizes=\"(max-width: 183px) 100vw, 183px\" \/><\/a><\/strong><\/p>\n<p><strong>\u00a0<\/strong><\/p>\n<p><strong>\u00a0<\/strong><\/p>\n<p><strong>\u00a0<\/strong><\/p>\n<p>&nbsp;<\/p>\n<p>&nbsp;<\/p>\n<p>&nbsp;<\/p>\n","protected":false},"excerpt":{"rendered":"<p>\u00a0\u00c1prilis 12-\u00e9n ism\u00e9t megm\u00e9rettett\u00fck magunkat az als\u00f3 tagozatos tanul\u00f3k sz\u00e1m\u00e1ra megrendezett Implom J\u00f3zsef J\u00e1r\u00e1si Vers- \u00e9s Pr\u00f3zamond\u00f3 Versenyen, ahol kilenc iskola 60 legjobb vers- \u00e9s pr\u00f3zamond\u00f3i mutatt\u00e1k meg tehets\u00e9g\u00fcket. A verseny a hagyom\u00e1nyok szerint a Mogyor\u00f3ssy J\u00e1nos V\u00e1rosi K\u00f6nyvt\u00e1rban ker\u00fclt megrendez\u00e9sre. \u00a0M\u00e1sodik\u00a0 oszt\u00e1lyban \u00a0vers kateg\u00f3ri\u00e1ban: \u00a0LENDVAI M\u00c1TY\u00c1S\u00a0 I. helyez\u00e9st \u00e9rt el. \/Felk\u00e9sz\u00edt\u0151: Nagyn\u00e9 Ol\u00e1h \u00c9va\/ [&hellip;]<\/p>\n","protected":false},"author":1,"featured_media":0,"comment_status":"closed","ping_status":"closed","sticky":false,"template":"","format":"standard","meta":{"footnotes":""},"categories":[1],"tags":[],"_links":{"self":[{"href":"https:\/\/dureriskola.hu\/bay\/index.php?rest_route=\/wp\/v2\/posts\/4397"}],"collection":[{"href":"https:\/\/dureriskola.hu\/bay\/index.php?rest_route=\/wp\/v2\/posts"}],"about":[{"href":"https:\/\/dureriskola.hu\/bay\/index.php?rest_route=\/wp\/v2\/types\/post"}],"author":[{"embeddable":true,"href":"https:\/\/dureriskola.hu\/bay\/index.php?rest_route=\/wp\/v2\/users\/1"}],"replies":[{"embeddable":true,"href":"https:\/\/dureriskola.hu\/bay\/index.php?rest_route=%2Fwp%2Fv2%2Fcomments&post=4397"}],"version-history":[{"count":1,"href":"https:\/\/dureriskola.hu\/bay\/index.php?rest_route=\/wp\/v2\/posts\/4397\/revisions"}],"predecessor-version":[{"id":4402,"href":"https:\/\/dureriskola.hu\/bay\/index.php?rest_route=\/wp\/v2\/posts\/4397\/revisions\/4402"}],"wp:attachment":[{"href":"https:\/\/dureriskola.hu\/bay\/index.php?rest_route=%2Fwp%2Fv2%2Fmedia&parent=4397"}],"wp:term":[{"taxonomy":"category","embeddable":true,"href":"https:\/\/dureriskola.hu\/bay\/index.php?rest_route=%2Fwp%2Fv2%2Fcategories&post=4397"},{"taxonomy":"post_tag","embeddable":true,"href":"https:\/\/dureriskola.hu\/bay\/index.php?rest_route=%2Fwp%2Fv2%2Ftags&post=4397"}],"curies":[{"name":"wp","href":"https:\/\/api.w.org\/{rel}","templated":true}]}}