{"id":4262,"date":"2019-03-29T11:48:29","date_gmt":"2019-03-29T11:48:29","guid":{"rendered":"http:\/\/dureriskola.hu\/bay\/?p=4262"},"modified":"2019-04-03T11:57:21","modified_gmt":"2019-04-03T11:57:21","slug":"jubileumi-bay-het-a-bay-zoltan-altalanos-iskolaban","status":"publish","type":"post","link":"https:\/\/dureriskola.hu\/bay\/?p=4262","title":{"rendered":"Jubileumi Bay-h\u00e9t a Bay Zolt\u00e1n \u00c1ltal\u00e1nos Iskol\u00e1ban"},"content":{"rendered":"<div class=\"fcbkbttn_buttons_block\" id=\"fcbkbttn_left\"><div class=\"fcbkbttn_button\">\n                            <a href=\"https:\/\/www.facebook.com\/\" target=\"_blank\">\n                                <img src=\"https:\/\/dureriskola.hu\/bay\/wp-content\/plugins\/facebook-button-plugin\/images\/standard-facebook-ico.png\" alt=\"Fb-Button\" \/>\n                            <\/a>\n                        <\/div><div class=\"fcbkbttn_like \"><fb:like href=\"https:\/\/dureriskola.hu\/bay\/?p=4262\" action=\"like\" colorscheme=\"dark\" layout=\"standard\" show-faces='false' width=\"225px\" size=\"small\"><\/fb:like><\/div><\/div><h4 style=\"text-align: center;\"><span style=\"color: #000000;\">L\u00e9lekt\u0151l-l\u00e9lekig\u2026<\/span><\/h4>\n<h6 style=\"text-align: justify;\"><span style=\"color: #000000;\">\u201eSok szeretettel k\u00f6sz\u00f6nt\u00f6k minden kedves megh\u00edvott vend\u00e9get a 25. Bay-het\u00fcnk \u00fcnnep\u00e9lyes megnyit\u00f3j\u00e1n.<\/span><\/h6>\n<h6 style=\"text-align: justify;\"><span style=\"color: #000000;\">Megk\u00fcl\u00f6nb\u00f6ztetett tisztelettel k\u00f6sz\u00f6nt\u00f6m dr. G\u00f6rg\u00e9nyi Ern\u0151 urat, Gyula v\u00e1ros polg\u00e1rmester\u00e9t, Szab\u00f3 K\u00e1roly k\u00e9pvisel\u0151 urat, Csontosn\u00e9 L\u00e1szl\u00f3 Anik\u00f3 Int\u00e9zm\u00e9nyvezet\u0151-helyettes Asszonyt, koll\u00e9g\u00e1imat, a kedves sz\u00fcl\u0151ket, a sajt\u00f3 k\u00e9pvisel\u0151it, \u00e9s minden di\u00e1kunkat.<\/span><\/h6>\n<h6 style=\"text-align: justify;\"><span style=\"color: #000000;\">\u201eHa az \u00e9let\u00fcnkben van valami \u00e9rt\u00e9k, az abb\u00f3l van, hogy valamit meg tudunk menteni a gyermekkorunkb\u00f3l.\u201d\u00a0 Bay Zolt\u00e1n szavai jutnak az eszembe ma, amikor \u00f6sszegy\u0171l\u00fcnk a gyulav\u00e1ri reform\u00e1tus templomban, hogy 25. alkalommal eml\u00e9kezz\u00fcnk meg n\u00e9vad\u00f3nkr\u00f3l.<\/span><\/h6>\n<h6 style=\"text-align: justify;\"><span style=\"color: #000000;\">E jubileum kapcs\u00e1n, ill\u0151, hogy visszatekintsek a 25 \u00e9vvel ezel\u0151tt t\u00f6rt\u00e9ntekre.\u00a0<\/span><\/h6>\n<h6 style=\"text-align: justify;\"><span style=\"color: #000000;\">Iskol\u00e1nk, mely kor\u00e1bban 4-es sz\u00e1m\u00fa \u00c1ltal\u00e1nos Iskola n\u00e9ven m\u0171k\u00f6d\u00f6tt, 1994-ben vette fel \u00a0\u201enagytisztelet\u0171\u201d\u00a0 Bay Zolt\u00e1n fizikus, Gyulav\u00e1ri sz\u00fcl\u00f6tte nev\u00e9t, els\u0151k\u00e9nt az \u00e1ltal\u00e1nos iskol\u00e1k k\u00f6z\u00fcl.<\/span><\/h6>\n<h6 style=\"text-align: justify;\"><span style=\"color: #000000;\">A n\u00e9vfelv\u00e9tel \u00f6tlete \u00e9s megval\u00f3s\u00edt\u00e1sa Kiss Ibolya igazgat\u00f3n\u0151h\u00f6z \u00e9s az akkori tantest\u00fclethez k\u00f6t\u0151dik.<\/span><\/h6>\n<h6 style=\"text-align: justify;\"><span style=\"color: #000000;\">A vil\u00e1gh\u00edr\u0171 tud\u00f3s nev\u00e9t viselni elk\u00f6telezetts\u00e9get jelent sz\u00e1munkra, \u00e9s e sz\u00e9p teher arra \u00f6szt\u00f6n\u00f6z benn\u00fcnket pedag\u00f3gusokat, hogy \u00e1tadjuk \u00e9s \u0151rizz\u00fck szellemis\u00e9g\u00e9t.\u00a0<\/span><\/h6>\n<h6 style=\"text-align: justify;\"><span style=\"color: #000000;\">A Bay Zolt\u00e1n nev\u00e9t visel\u0151 iskola k\u00f6z\u00f6ss\u00e9g\u00e9nek vezet\u0151jek\u00e9nt, az iskola n\u00e9vad\u00f3ja el\u0151tt tisztelegve, engedj\u00e9k meg nekem, hogy ma, ne a munk\u00e1ss\u00e1g\u00e1t id\u00e9zzem fel, amit m\u00e1r mindannyian j\u00f3l ismer\u00fcnk, hanem ejts\u00fcnk n\u00e9h\u00e1ny sz\u00f3t az EMBER-r\u0151l is. Az emberr\u0151l, aki b\u00e1rmilyen magass\u00e1gokba is jutott, v\u00e9gs\u0151 nyughely\u00e9nek sz\u00fcl\u0151faluja csendes kis temet\u0151j\u00e9t jel\u00f6lte meg.<\/span><\/h6>\n<h6 style=\"text-align: justify;\"><span style=\"color: #000000;\">Vajon hogyan v\u00e1lt az 1900. j\u00falius 24-\u00e9n, Gyulav\u00e1riban megsz\u00fclet\u0151 lelk\u00e9szgyermekb\u0151l vil\u00e1gh\u00edr\u0171 term\u00e9szettud\u00f3s \u00e9s feltal\u00e1l\u00f3? Hogyan v\u00e1ltotta val\u00f3ra gyermekkori \u00e1lm\u00e1t, a Hold meg\u00e9rint\u00e9s\u00e9t? P\u00e1ly\u00e1j\u00e1t ismerve azt l\u00e1tjuk magunk el\u0151tt, hogy teljes elsz\u00e1nts\u00e1ggal dolgozott, mindv\u00e9gig b\u00edzott abban, hogy val\u00f3ra tudja v\u00e1ltani \u00e1lmait.<\/span><\/h6>\n<h6 style=\"text-align: justify;\"><span style=\"color: #000000;\">Egy biztos: csak k\u00e9tf\u00e9lek\u00e9ppen lehet le\u00e9lni az \u00e9letet: vagy abban hisz\u00fcnk, hogy semmi sem var\u00e1zslat, vagy pedig abban, hogy a vil\u00e1gon minden az.<\/span><\/h6>\n<h6 style=\"text-align: justify;\"><span style=\"color: #000000;\">J\u00f3l p\u00e9lda erre Bay Zolt\u00e1n munk\u00e1ss\u00e1ga, aki hitt a var\u00e1zslatban, aki nem ismerte a lehetetlent, aki az el\u00e9 g\u00f6rgetett k\u00f6vekb\u0151l l\u00e9pcs\u0151t tudott \u00e9p\u00edteni, aki megkereste saj\u00e1t \u00fatj\u00e1t, akit \u00fatk\u00f6zben a hit, az \u0151szintes\u00e9g, a hiteless\u00e9g vez\u00e9relt.<\/span><\/h6>\n<h6 style=\"text-align: justify;\"><span style=\"color: #000000;\">Bay Zolt\u00e1n azon magyar tud\u00f3sok sor\u00e1t gazdag\u00edtja, akiknek munk\u00e1ss\u00e1ga haz\u00e1nkban m\u00e9ltatlanul feled\u00e9sbe mer\u00fclt. Sz\u00e1mos kort\u00e1rs\u00e1hoz hasonl\u00f3an, \u0151 is a tengerent\u00falon alkotott \u00e9s \u00e9lte le \u00e9lete fel\u00e9t, azonban a tudom\u00e1nyt\u00f6rt\u00e9neti jelent\u0151s\u00e9ggel b\u00edr\u00f3 felfedez\u00e9seit \u00e9s k\u00eds\u00e9rleteit m\u00e9g itthon v\u00e9gezte.<\/span><\/h6>\n<h6 style=\"text-align: justify;\"><span style=\"color: #000000;\">1948-ban emigr\u00e1lt Amerik\u00e1ba, amikor is a helyzete itthon m\u00e1r tarthatatlann\u00e1 v\u00e1lt, emberbar\u00e1ti cselekedeteinek k\u00f6sz\u00f6nhet\u0151en. Legel\u0151sz\u00f6r 1973-ban l\u00e1togatott haza. Hazat\u00e9r\u00e9s\u00e9r\u0151l a k\u00f6vetkez\u0151ket vallotta:<\/span><\/h6>\n<h6 style=\"text-align: justify;\"><span style=\"color: #000000;\">\u201eSz\u00edvesen j\u00f6v\u00f6k Magyarorsz\u00e1gra, mert hiszen hi\u00e1ba \u00e9lek imm\u00e1r h\u00e1rom \u00e9vtizede k\u00fclf\u00f6ld\u00f6n, m\u00e9g mindig Magyarorsz\u00e1got tekintem az otthonomnak: \u201eNekem erd\u00e9lyi l\u00e1ny a feles\u00e9gem, mi magyarul besz\u00e9l\u00fcnk odahaza, \u00e9s amikor azt mondjuk, hogy otthon, akkor ez vagy Erd\u00e9lyt jelenti, vagy pedig Magyarorsz\u00e1got.\u201d<\/span><\/h6>\n<h6 style=\"text-align: justify;\"><span style=\"color: #000000;\">A k\u00e9rd\u00e9s: szabad volt-e elj\u00f6nn\u00f6m, vagy ink\u00e1bb v\u00e1llalnom kellett volna az otthoni sorsot, mely b\u00f6rt\u00f6nnel, brut\u00e1lisan elnyom\u00f3 munkat\u00e1borral, vagy \u00e9ppen kiv\u00e9gz\u00e9ssel j\u00e1rhatott volna?<\/span><\/h6>\n<h6 style=\"text-align: justify;\"><span style=\"color: #000000;\">Elj\u00f6vetelem t\u00f6rt\u00e9net\u00e9t meg\u00edrtam &#8222;Az \u00c9let er\u0151sebb&#8221; &#8211; c\u00edm\u0171 visszaeml\u00e9kez\u00e9semben.\u00a0 Nem volt k\u00f6nny\u0171 elj\u00f6nn\u00f6m, az volt az \u00e9rz\u00e9sem, mintha otthon el\u0151bb meg kellene halnom, hogy az \u00e9letet itt folytathassam. Elj\u00f6vetelem c\u00e9lja volt egyr\u00e9szt, hogy ne seg\u00edtsem az otthoni, szerintem b\u0171n\u00f6s rendszert tudom\u00e1nyos, katonailag is hasznos\u00edthat\u00f3 eredm\u00e9nyekkel, m\u00e1sr\u00e9szt, hogy idekinn elmondhassam a rendszer elnyom\u00f3 volt\u00e1t, \u00e9s hogy kifejthessem azokat a tiszt\u00e1n tudom\u00e1nyos eredm\u00e9nyeket, melyek m\u00e9g telnek az \u00e9letemb\u0151l.\u201d<\/span><\/h6>\n<h6 style=\"text-align: justify;\"><span style=\"color: #000000;\">A mag\u00e1t hal\u00e1l\u00e1ig magyarnak vall\u00f3 fizikust a 90. sz\u00fclet\u00e9snapj\u00e1n, 1990-ben, Gyula v\u00e1ros tiszteletbeli polg\u00e1r\u00e1v\u00e1 v\u00e1lasztott\u00e1k. Ezt az esem\u00e9nyt Bay Zolt\u00e1n a k\u00f6vetkez\u0151k\u00e9ppen \u00e9lte meg:<\/span><\/h6>\n<h6 style=\"text-align: justify;\"><span style=\"color: #000000;\">Mivel tudom \u00e9n viszonozni ezt az aj\u00e1nd\u00e9kot? Azt hiszem azzal, hogy elmondom, mi f\u0171z engem sz\u00fcl\u0151falumhoz, Gyulav\u00e1rihoz, ami most Gyula v\u00e1ros egy r\u00e9sze. Mert igaz ugyan hogy csak 11 \u00e9ves voltam, amikor az \u00e9desap\u00e1nknak, Gyulav\u00e1ri reform\u00e1tus lelk\u00e9sz\u00e9nek hal\u00e1la ut\u00e1n csal\u00e1dom Debrecenbe k\u00f6lt\u00f6z\u00f6tt, m\u00e9gis az \u00f6r\u00f6kre sz\u00e9pnek marad\u00f3 gyermekkor eml\u00e9kei k\u00eds\u00e9rtek el tov\u00e1bbi \u00e9letp\u00e1ly\u00e1mon. \u00c9s merem \u00e1ll\u00edtani, amit a k\u00e9s\u0151bbi \u00e9letemben sz\u00e9pnek, j\u00f3nak vagy eredm\u00e9nyesnek tudok tartani, mind ott gy\u00f6kerezett abban a gyermekkorban, amit\u0151l a sors elt\u00e1vol\u00edtott ugyan, de eml\u00e9keimben, mindig vissza-visszat\u00e9rtem. \u201e<\/span><\/h6>\n<h6 style=\"text-align: justify;\"><span style=\"color: #000000;\">K\u00e9s\u0151bb G\u00f6ncz \u00c1rp\u00e1dt\u00f3l \u00e1tvehette a Magyar N\u00e9pk\u00f6zt\u00e1rsas\u00e1g Rubinokkal \u00c9kes\u00edtett Z\u00e1szl\u00f3rendj\u00e9t is, amit az akkori k\u00f6zt\u00e1rsas\u00e1gi eln\u00f6k szem\u00e9lyesen vitt el Neki Washingtonba.\u00a0 Elfogad\u00e1si besz\u00e9d\u00e9ben e szavakkal k\u00f6sz\u00f6nte meg a hazai elismer\u00e9st.\u00a0 &#8222;Sohasem tagadtam, hogy magyar vagyok, magyar maradtam \u00e9s m\u00e1r az is maradok, am\u00edg ennek a vil\u00e1gnak a poros \u00fatjait taposom&#8221;.<\/span><\/h6>\n<h6 style=\"text-align: justify;\"><span style=\"color: #000000;\">\u00a0Bay Zolt\u00e1n 1992. okt\u00f3ber 4-\u00e9n Washingtonban hunyt el, \u00e1m v\u00e9gakarat\u00e1nak megfelel\u0151en sz\u00fcl\u0151hely\u00e9n, Gyulav\u00e1riban temett\u00e9k el 1993.\u00e1prilis 10-\u00e9n.<\/span><\/h6>\n<h6 style=\"text-align: justify;\"><span style=\"color: #000000;\">Tisztelt Vend\u00e9geink!<\/span><\/h6>\n<h6 style=\"text-align: justify;\"><span style=\"color: #000000;\">Azt gondolom, hogy Bay Zolt\u00e1nnak, a professzornak, az emberment\u0151 tud\u00f3snak, a vil\u00e1gh\u00edr\u0171 fizikusnak, fontos \u00fczenete van az ut\u00f3kor sz\u00e1m\u00e1ra: ahhoz, hogy megfejts\u00fck a vil\u00e1g titkait, hinn\u00fcnk kell benn\u00fck.<\/span><\/h6>\n<h6 style=\"text-align: justify;\"><span style=\"color: #000000;\">Fontos, hogy higgy\u00fcnk magunkban, hogy merj\u00fcnk elindulni, hogy keress\u00fck meg saj\u00e1t utunkat, hogy k\u00fczdj\u00fcnk meg a sz\u00e1munkra fontos dolgok\u00e9rt. A j\u00f3s\u00e1g, az \u0151szintes\u00e9g, a hiteless\u00e9g vez\u00e9reljen benn\u00fcnket.<\/span><\/h6>\n<h6 style=\"text-align: justify;\"><span style=\"color: #000000;\">\u00a0Fontos, hogy k\u00e9pesek legy\u00fcnk seg\u00edts\u00e9get k\u00e9rni, hogy ne \u00edt\u00e9lkezz\u00fcnk felsz\u00ednesen, hogy ne f\u00e9lj\u00fcnk a vesztes\u00e9gekt\u0151l \u00e9s a kudarcokt\u00f3l, mivel ezek az \u00f6nmagunk fel\u00e9 vezet\u0151 utaz\u00e1s r\u00e9szei.<\/span><\/h6>\n<h6 style=\"text-align: justify;\"><span style=\"color: #000000;\">Besz\u00e9dem elej\u00e9n utaltam r\u00e1, hogy a tud\u00f3s nev\u00e9t viselni elk\u00f6telezetts\u00e9get jelent sz\u00e1munkra. Ez az elk\u00f6telezetts\u00e9g Gyula v\u00e1ros\u00e1t is jellemzi, hiszen a v\u00e1rosvezet\u00e9s \u00e9s a k\u00e9pvisel\u0151test\u00fclet mindig iskol\u00e1nk m\u00f6g\u00f6tt \u00e1llt a neh\u00e9z id\u0151kben is.\u00a0 Id\u00e9n ny\u00e1ron a Bay Zolt\u00e1n \u00c1ltal\u00e1nos Iskola eddig soha nem l\u00e1tott fel\u00faj\u00edt\u00e1son esett \u00e1t, mely\u00e9rt itt is szeretn\u00e9k k\u00f6sz\u00f6netet mondani Polg\u00e1rmester \u00darnak \u00e9s K\u00e9pvisel\u0151 \u00darnak. Az \u00f6nkorm\u00e1nyzat 2 \u00e9vvel ezel\u0151tt megnyitotta a Bay eml\u00e9kszob\u00e1t. Az \u00e1lland\u00f3 ki\u00e1ll\u00edt\u00e1son a vend\u00e9gek megismerkedhetnek a tud\u00f3s munk\u00e1ss\u00e1g\u00e1val, csal\u00e1dj\u00e1val, haszn\u00e1lati t\u00e1rgyaival is.<\/span><\/h6>\n<h6 style=\"text-align: justify;\"><span style=\"color: #000000;\">1995 m\u00e1rcius\u00e1t\u00f3l \u2013imm\u00e1r hagyom\u00e1nyt teremtve- minden \u00e9v tavasz\u00e1n Bay-napokat rendez\u00fcnk. Ebben az \u00e9vben jubil\u00e1lunk, hiszen 25. alkalommal tarthatjuk meg a n\u00e9vad\u00f3nkhoz kapcsol\u00f3d\u00f3 programsorozatunkat.\u201d<\/span><\/h6>\n<h6 style=\"text-align: justify;\"><span style=\"color: #000000;\">\/Elhangzott Gyulav\u00e1ri, 2019. m\u00e1rcius 25. Gyulav\u00e1ri Reform\u00e1tus Templom: Szab\u00f3n\u00e9 Bohus M\u00e1rta tagint\u00e9zm\u00e9ny-vezet\u0151 asszony tolm\u00e1csol\u00e1s\u00e1ban\/<\/span><\/h6>\n<h6 style=\"text-align: justify;\"><span style=\"color: #000000;\">\u00a0<\/span><\/h6>\n<h6 style=\"text-align: justify;\"><span style=\"color: #000000;\">A sz\u00edvhez sz\u00f3l\u00f3 mindny\u00e1junkat meg\u00e9rint\u0151 \u00fcnnepi gondolatok ut\u00e1n tisztelegtek az ut\u00f3dok v\u00e1rosunk sz\u00fcl\u00f6ttje el\u0151tt.<\/span><\/h6>\n<h6 style=\"text-align: justify;\"><span style=\"color: #000000;\">Dr. G\u00f6rg\u00e9nyi Ern\u0151 Polg\u00e1rmester \u00dar \u00e9s Szab\u00f3 K\u00e1roly K\u00e9pvisel\u0151 \u00dar, helyezte el az eml\u00e9kez\u00e9s szalagj\u00e1t iskolaz\u00e1szl\u00f3nkon.<\/span><\/h6>\n<h6 style=\"text-align: justify;\"><span style=\"color: #000000;\">Hagyom\u00e1nyk\u00e9nt a 4. oszt\u00e1lyos tanul\u00f3k interakt\u00edv el\u0151ad\u00e1sa id\u00e9zte meg Bay Zolt\u00e1n emberi \u00e9s szakmai nagys\u00e1g\u00e1t. Rem\u00e9nyik S\u00e1ndor Templom \u00e9s iskola c. vers\u00e9nek megzen\u00e9s\u00edtett v\u00e1ltozata olyan \u00e9rt\u00e9keket \u00e1ll\u00edtott a k\u00f6z\u00e9ppontba, ami napjainkban is szorosan hozz\u00e1kapcsol\u00f3dik Bay Zolt\u00e1n \u00e9letm\u0171v\u00e9hez.<\/span><\/h6>\n<h6 style=\"text-align: justify;\"><span style=\"color: #000000;\">\u201eTi megbecs\u00fclt\u00f6k minden rendet,\u00a0<\/span><br \/>\n<span style=\"color: #000000;\"> Melyen a b\u00e9ke alapul.\u00a0<\/span><br \/>\n<span style=\"color: #000000;\"> De ne hallj\u00e1tok soha t\u00f6bb\u00e9\u00a0<\/span><br \/>\n<span style=\"color: #000000;\"> Isten ig\u00e9j\u00e9t magyarul?!\u00a0<\/span><br \/>\n<span style=\"color: #000000;\"> S gyermeketek az iskol\u00e1ban\u00a0<\/span><br \/>\n<span style=\"color: #000000;\"> Ne hallja sz\u00fcl\u0151je szav\u00e1t?!\u00a0<\/span><br \/>\n<span style=\"color: #000000;\"> Ne hagyj\u00e1tok a templomot,\u00a0<\/span><br \/>\n<span style=\"color: #000000;\"> A templomot s az iskol\u00e1t!\u201d\u00a0<\/span><\/h6>\n<h6 style=\"text-align: justify;\"><span style=\"color: #000000;\">A m\u0171sor m\u00e1sodik fel\u00e9ben a gyermeki v\u00e1gyak beteljesed\u00e9s\u00e9t szimboliz\u00e1l\u00f3 templomtorony \u00e9s a Hold kapcsolat\u00e1nak szem\u00e9lyes bens\u0151s\u00e9ges hangulata el\u0151revet\u00edtette a tud\u00f3sprofesszor k\u00e9s\u0151bbi tudom\u00e1nyos felfedez\u00e9s\u00e9nek szenz\u00e1ci\u00f3j\u00e1t: a holdradar k\u00eds\u00e9rletet. Bay Zolt\u00e1n \u00e9letm\u0171v\u00e9t \u00e1t\u00e9lni az egykori szeretetteljes hajl\u00e9k falai k\u00f6z\u00f6tt t\u00f6bb mint felemel\u0151 \u00e9rz\u00e9s volt: L\u00e9lekt\u0151l-l\u00e9lekig meg\u00e9lt szeretetkapcsolat. A tanul\u00f3k \u00e1ltal megform\u00e1lt 20. sz\u00e1zad nagy g\u00e9niusz\u00e1nak p\u00e9ldak\u00e9pe ir\u00e1nt m\u00e9lt\u00f3 m\u00f3don fejezte ki tisztelet\u00e9t a lelkes gyermekcsapat. A n\u00e9vad\u00f3nk \u00e1ltal megfogalmazott gondolat ma is \u00e9rt\u00e9k sz\u00e1munkra:<\/span><\/h6>\n<h6 style=\"text-align: justify;\"><span style=\"color: #000000;\">\u00a0\u00a0\u00a0\u00a0\u201eGondolkod\u00e1sm\u00f3dunk, jellem\u00fcnk m\u00e1r gyermekkorunkban kialakul, \u00e9s ez r\u00e1nyomja b\u00e9lyeg\u00e9t k\u00e9s\u0151bbi \u00e9let\u00fcnkre. A korai \u00e9rz\u00e9sek, gondolatok bel\u00e9nk mar\u00f3dnak, vel\u00fcnk \u00e9lnek.\u201d<\/span><\/h6>\n<h6 style=\"text-align: justify;\"><span style=\"color: #000000;\">Az \u00fcnnepi m\u0171sor ut\u00e1n Bagyiszki Zolt\u00e1n nyugalmazott kultur\u00e1lis tan\u00e1csnok \u00far Bay Zolt\u00e1n nagy tisztel\u0151je eml\u00e9kezett a k\u00f6vetkez\u0151k\u00e9ppen:<\/span><\/h6>\n<h6 style=\"text-align: justify;\"><span style=\"color: #000000;\">\u00a0<\/span><\/h6>\n<h6 style=\"text-align: justify;\"><span style=\"color: #000000;\">\u201eA Bay \u00e9letm\u0171 a gyulai \u00e9rt\u00e9kt\u00e1r tagja. B\u00fcszk\u00e9k lehet\u00fcnk telep\u00fcl\u00e9s\u00fcnk megbecs\u00fclt kutat\u00f3ira. A General\u00a0 Electric \u00a0aul\u00e1j\u00e1ban 2 m\u00e1rv\u00e1nyt\u00e1bla is gyulai sz\u00e1rmaz\u00e1s\u00fa fizikusnak \u00e1ll\u00edt eml\u00e9ket:\u00a0 Bay Zolt\u00e1nnak\u00a0 \u00e9s Br\u00f3dy Imre.\u00a0<\/span><\/h6>\n<h6 style=\"text-align: justify;\"><span style=\"color: #000000;\">Gyulav\u00e1rihoz 3 csoda k\u00f6thet\u0151: a templom csillagos mennyezete, a l\u00e9trehozott Bay ki\u00e1ll\u00edt\u00e1s \u00e9s a 2 eml\u00e9kt\u00e1bla Budapesten\u201d- hangs\u00falyozta a Bay eml\u00e9kszoba egyik \u00f6tletgazd\u00e1ja.<\/span><\/h6>\n<h6 style=\"text-align: justify;\"><span style=\"color: #000000;\">\u00datraval\u00f3k\u00e9nt a tan\u00e1csnok \u00far a jelenl\u00e9v\u0151 di\u00e1kok sz\u00edv\u00e9re helyezte a tud\u00e1s ir\u00e1nti v\u00e1gy fontoss\u00e1g\u00e1t: \u201eK\u00edv\u00e1nom, hogy a j\u00f6v\u0151ben Gyulav\u00e1rib\u00f3l \u00fajabb Bay Zolt\u00e1nok indulhassanak a vil\u00e1gba \u00e9s a v\u00e1gyott h\u00edrn\u00e9v fel\u00e9.\u201d\u00a0<\/span><\/h6>\n<h6 style=\"text-align: justify;\"><span style=\"color: #000000;\">\u00a0\u00a0Az \u00fcnneps\u00e9g v\u00e9g\u00e9n a v\u00e1ros vezet\u0151i \u00e9s az int\u00e9zm\u00e9ny k\u00e9pvisel\u0151i elhelyezt\u00e9k az eml\u00e9kez\u00e9s koszor\u00faj\u00e1t a templomkertben lev\u0151 eml\u00e9km\u0171 el\u0151tt.<\/span><\/h6>\n<h6 style=\"text-align: justify;\"><span style=\"color: #000000;\">A h\u00e9t folytat\u00e1s\u00e1ban kedden a v\u00e1ros \u00e1ltal\u00e1nos iskol\u00e1inak k\u00f6r\u00e9ben meghirdetett rajz \u00e9s fot\u00f3p\u00e1ly\u00e1zat eredm\u00e9nyhirdet\u00e9s\u00e9re, szerd\u00e1n t\u00e1rsadalomtudom\u00e1nyi vet\u00e9lked\u0151re, cs\u00fct\u00f6rt\u00f6k\u00f6n\u00a0 term\u00e9szettudom\u00e1nyi versenyre ker\u00fclt sor a helyi iskol\u00e1k csapatainak r\u00e9szv\u00e9tel\u00e9vel.<\/span><\/h6>\n<h6 style=\"text-align: justify;\"><span style=\"color: #000000;\">Ebben az \u00e9vben tov\u00e1bb sz\u00ednes\u00edtett\u00fck a palett\u00e1t: iskol\u00e1nk tanul\u00f3i sz\u00e1m\u00e1ra j\u00e1t\u00e9kos k\u00eds\u00e9rletek bemutat\u00e1s\u00e1val \u00e9s Bay Zolt\u00e1n \u00e9let\u00e9hez kapcsol\u00f3d\u00f3 vet\u00e9lked\u0151 szervez\u00e9s\u00e9vel.<\/span><\/h6>\n<h6 style=\"text-align: justify;\"><span style=\"color: #000000;\">A jubileumi Bay \u00e9v mott\u00f3ja legyen sz\u00e1munkra is hossz\u00fa t\u00e1v\u00fa \u00e9rt\u00e9k:<\/span><\/h6>\n<h6 style=\"text-align: justify;\"><span style=\"color: #000000;\">\u201eAz a civiliz\u00e1ci\u00f3, amelyik elhideg\u00fcl a tudom\u00e1nyt\u00f3l \u00e9s a m\u0171v\u00e9szett\u0151l, vagyis a kult\u00far\u00e1j\u00e1t\u00f3l, az pusztul\u00e1sra van \u00edt\u00e9lve. Az \u00e9let\u00e9t adja f\u00f6l, elsorvad, elpusztul atombomb\u00e1k n\u00e9lk\u00fcl is. Ez\u00e9rt kell f\u00e9ltve \u0151rizn\u00fcnk magunkban a kult\u00fara tisztelet\u00e9t.\u201d<\/span><\/h6>\n<h6 style=\"text-align: right;\"><span style=\"color: #000000;\">\u00a0\u00a0\u00a0\u00a0\u00a0\u00a0\u00a0\u00a0\u00a0\u00a0\u00a0\u00a0\u00a0\u00a0\u00a0\u00a0\u00a0\u00a0\u00a0\u00a0\u00a0\u00a0\u00a0\u00a0\u00a0\u00a0\u00a0\u00a0\u00a0\u00a0\u00a0\u00a0\u00a0\u00a0\u00a0\u00a0\u00a0\u00a0\u00a0\u00a0\u00a0\u00a0\u00a0\u00a0\u00a0\u00a0\u00a0\u00a0\u00a0\u00a0\u00a0\u00a0\u00a0\u00a0\u00a0\u00a0\u00a0\u00a0\u00a0\u00a0\u00a0\u00a0\u00a0\u00a0\u00a0\u00a0\u00a0\u00a0\u00a0\u00a0\u00a0\u00a0\u00a0\u00a0\u00a0\u00a0\u00a0\u00a0\u00a0\u00a0\u00a0\u00a0\u00a0\u00a0\u00a0\u00a0\u00a0\u00a0\u00a0\u00a0\u00a0\u00a0\u00a0\u00a0\u00a0\u00a0 ( Pataky L\u00e1szl\u00f3 Zolt\u00e1n)<\/span><\/h6>\n<p><a href=\"http:\/\/dureriskola.hu\/bay\/wp-content\/uploads\/2019\/04\/z\u00e1szl\u00f3.jpg\"><img decoding=\"async\" loading=\"lazy\" class=\"alignnone size-full wp-image-4263\" src=\"http:\/\/dureriskola.hu\/bay\/wp-content\/uploads\/2019\/04\/z\u00e1szl\u00f3.jpg\" alt=\"z\u00e1szl\u00f3\" width=\"1024\" height=\"576\" srcset=\"https:\/\/dureriskola.hu\/bay\/wp-content\/uploads\/2019\/04\/z\u00e1szl\u00f3.jpg 1024w, https:\/\/dureriskola.hu\/bay\/wp-content\/uploads\/2019\/04\/z\u00e1szl\u00f3-300x169.jpg 300w\" sizes=\"(max-width: 1024px) 100vw, 1024px\" \/><\/a><\/p>\n","protected":false},"excerpt":{"rendered":"<p>L\u00e9lekt\u0151l-l\u00e9lekig\u2026 \u201eSok szeretettel k\u00f6sz\u00f6nt\u00f6k minden kedves megh\u00edvott vend\u00e9get a 25. Bay-het\u00fcnk \u00fcnnep\u00e9lyes megnyit\u00f3j\u00e1n. Megk\u00fcl\u00f6nb\u00f6ztetett tisztelettel k\u00f6sz\u00f6nt\u00f6m dr. G\u00f6rg\u00e9nyi Ern\u0151 urat, Gyula v\u00e1ros polg\u00e1rmester\u00e9t, Szab\u00f3 K\u00e1roly k\u00e9pvisel\u0151 urat, Csontosn\u00e9 L\u00e1szl\u00f3 Anik\u00f3 Int\u00e9zm\u00e9nyvezet\u0151-helyettes Asszonyt, koll\u00e9g\u00e1imat, a kedves sz\u00fcl\u0151ket, a sajt\u00f3 k\u00e9pvisel\u0151it, \u00e9s minden di\u00e1kunkat. \u201eHa az \u00e9let\u00fcnkben van valami \u00e9rt\u00e9k, az abb\u00f3l van, hogy valamit meg tudunk [&hellip;]<\/p>\n","protected":false},"author":1,"featured_media":0,"comment_status":"closed","ping_status":"closed","sticky":false,"template":"","format":"standard","meta":{"footnotes":""},"categories":[1],"tags":[],"_links":{"self":[{"href":"https:\/\/dureriskola.hu\/bay\/index.php?rest_route=\/wp\/v2\/posts\/4262"}],"collection":[{"href":"https:\/\/dureriskola.hu\/bay\/index.php?rest_route=\/wp\/v2\/posts"}],"about":[{"href":"https:\/\/dureriskola.hu\/bay\/index.php?rest_route=\/wp\/v2\/types\/post"}],"author":[{"embeddable":true,"href":"https:\/\/dureriskola.hu\/bay\/index.php?rest_route=\/wp\/v2\/users\/1"}],"replies":[{"embeddable":true,"href":"https:\/\/dureriskola.hu\/bay\/index.php?rest_route=%2Fwp%2Fv2%2Fcomments&post=4262"}],"version-history":[{"count":3,"href":"https:\/\/dureriskola.hu\/bay\/index.php?rest_route=\/wp\/v2\/posts\/4262\/revisions"}],"predecessor-version":[{"id":4266,"href":"https:\/\/dureriskola.hu\/bay\/index.php?rest_route=\/wp\/v2\/posts\/4262\/revisions\/4266"}],"wp:attachment":[{"href":"https:\/\/dureriskola.hu\/bay\/index.php?rest_route=%2Fwp%2Fv2%2Fmedia&parent=4262"}],"wp:term":[{"taxonomy":"category","embeddable":true,"href":"https:\/\/dureriskola.hu\/bay\/index.php?rest_route=%2Fwp%2Fv2%2Fcategories&post=4262"},{"taxonomy":"post_tag","embeddable":true,"href":"https:\/\/dureriskola.hu\/bay\/index.php?rest_route=%2Fwp%2Fv2%2Ftags&post=4262"}],"curies":[{"name":"wp","href":"https:\/\/api.w.org\/{rel}","templated":true}]}}