{"id":4200,"date":"2019-03-22T09:58:07","date_gmt":"2019-03-22T09:58:07","guid":{"rendered":"http:\/\/dureriskola.hu\/bay\/?p=4200"},"modified":"2019-04-01T10:05:57","modified_gmt":"2019-04-01T10:05:57","slug":"masodikosok-a-viz-vilagnapjan","status":"publish","type":"post","link":"https:\/\/dureriskola.hu\/bay\/?p=4200","title":{"rendered":"M\u00e1sodikosok a V\u00edz Vil\u00e1gnapj\u00e1n"},"content":{"rendered":"<div class=\"fcbkbttn_buttons_block\" id=\"fcbkbttn_left\"><div class=\"fcbkbttn_button\">\n                            <a href=\"https:\/\/www.facebook.com\/\" target=\"_blank\">\n                                <img src=\"https:\/\/dureriskola.hu\/bay\/wp-content\/plugins\/facebook-button-plugin\/images\/standard-facebook-ico.png\" alt=\"Fb-Button\" \/>\n                            <\/a>\n                        <\/div><div class=\"fcbkbttn_like \"><fb:like href=\"https:\/\/dureriskola.hu\/bay\/?p=4200\" action=\"like\" colorscheme=\"dark\" layout=\"standard\" show-faces='false' width=\"225px\" size=\"small\"><\/fb:like><\/div><\/div><p style=\"text-align: justify;\">A K\u00d6VIZIG m\u00e1rcius 22-\u00e9n, p\u00e9nteken rendezte meg szok\u00e1sos v\u00edz vil\u00e1gnapi rendezv\u00e9ny\u00e9t. A sz\u00e9kh\u00e1z k\u00f6r\u00fcl tartott bemutat\u00f3kon megismerkedhett\u00fcnk a v\u00edz\u00fcgyi tev\u00e9kenys\u00e9gekkel.<br \/>\nMegismert\u00fck a l\u00e1pi k\u00fatt\u00f3l eg\u00e9szen a csapv\u00edzig vezet\u0151 k\u00fcl\u00f6nleges utat.<br \/>\nTerepasztalra ker\u00fclt a v\u00edzmin\u0151s\u00e9g-v\u00e9delem, megtudhattuk, hogyan szabhatunk g\u00e1tat a k\u00f6rnyezetszennyez\u00e9snek.<br \/>\nEll\u00e1togathattunk Micropoliszba, \u00e9s megismerhett\u00fcnk egy, a vizet term\u00e9szetes megold\u00e1sokkal hasznos\u00edt\u00f3 v\u00e1ros \u00e9let\u00e9t.<br \/>\nA Cseberb\u0151l vederbe j\u00e1t\u00e9k sor\u00e1n egy vid\u00e1m hangulat\u00fa akad\u00e1lyversenyen vett\u00fcnk r\u00e9szt. Kipr\u00f3b\u00e1lhattuk a v\u00edz\u00fcgyes eszk\u00f6z\u00f6ket is, az \u00e1rok\u00e1s\u00f3-rakod\u00f3 \u00e9s \u00fasz\u00f3-n\u00e1dv\u00e1g\u00f3 g\u00e9pet, a m\u0171helykocsit \u00e9s a v\u00edzhozamm\u00e9r\u0151 cs\u00f3nakot.<br \/>\nMegn\u00e9zt\u00fck a Bodoki\u2013szoborn\u00e1l fel\u00e1ll\u00edtott sz\u00ednpadon az el\u0151ad\u00e1sokat, \u00e9s r\u00e9szt vett\u00fcnk abban a k\u00f6z\u00f6s t\u00e1ncban is, amelyre a n\u00e9pt\u00e1ncosok, Petra n\u00e9ni \u00e9s Peti b\u00e1csi h\u00edvtak meg minket.<br \/>\nEzut\u00e1n megn\u00e9zt\u00fck Pet\u0151fi S\u00e1ndor \u00e9s Erkel Ferenc szobr\u00e1t, majd egy vid\u00e1m hangulat\u00fa j\u00e1tsz\u00f3t\u00e9ri j\u00e1t\u00e9kkal fejezt\u00fck be ezt a sz\u00e9p, eml\u00e9kezetes d\u00e9lut\u00e1nt.<\/p>\n<p style=\"text-align: justify;\"><a href=\"http:\/\/dureriskola.hu\/bay\/wp-content\/uploads\/2019\/04\/V\u00edz-vil\u00e1gnapja-1.jpg\"><img decoding=\"async\" loading=\"lazy\" class=\"alignnone  wp-image-4201\" src=\"http:\/\/dureriskola.hu\/bay\/wp-content\/uploads\/2019\/04\/V\u00edz-vil\u00e1gnapja-1.jpg\" alt=\"V\u00edz vil\u00e1gnapja 1\" width=\"318\" height=\"238\" srcset=\"https:\/\/dureriskola.hu\/bay\/wp-content\/uploads\/2019\/04\/V\u00edz-vil\u00e1gnapja-1.jpg 556w, https:\/\/dureriskola.hu\/bay\/wp-content\/uploads\/2019\/04\/V\u00edz-vil\u00e1gnapja-1-300x225.jpg 300w, https:\/\/dureriskola.hu\/bay\/wp-content\/uploads\/2019\/04\/V\u00edz-vil\u00e1gnapja-1-160x120.jpg 160w\" sizes=\"(max-width: 318px) 100vw, 318px\" \/><\/a> <a href=\"http:\/\/dureriskola.hu\/bay\/wp-content\/uploads\/2019\/04\/V\u00edz-Vil\u00e1gnapja-2.jpg\"><img decoding=\"async\" loading=\"lazy\" class=\"  wp-image-4202 alignright\" src=\"http:\/\/dureriskola.hu\/bay\/wp-content\/uploads\/2019\/04\/V\u00edz-Vil\u00e1gnapja-2.jpg\" alt=\"V\u00edz Vil\u00e1gnapja 2\" width=\"324\" height=\"242\" srcset=\"https:\/\/dureriskola.hu\/bay\/wp-content\/uploads\/2019\/04\/V\u00edz-Vil\u00e1gnapja-2.jpg 570w, https:\/\/dureriskola.hu\/bay\/wp-content\/uploads\/2019\/04\/V\u00edz-Vil\u00e1gnapja-2-300x225.jpg 300w, https:\/\/dureriskola.hu\/bay\/wp-content\/uploads\/2019\/04\/V\u00edz-Vil\u00e1gnapja-2-160x120.jpg 160w\" sizes=\"(max-width: 324px) 100vw, 324px\" \/><\/a> <a href=\"http:\/\/dureriskola.hu\/bay\/wp-content\/uploads\/2019\/04\/V\u00edz-vil\u00e1gnapja-3.jpg\"><img decoding=\"async\" loading=\"lazy\" class=\"  wp-image-4203 alignright\" src=\"http:\/\/dureriskola.hu\/bay\/wp-content\/uploads\/2019\/04\/V\u00edz-vil\u00e1gnapja-3.jpg\" alt=\"V\u00edz vil\u00e1gnapja 3\" width=\"321\" height=\"241\" srcset=\"https:\/\/dureriskola.hu\/bay\/wp-content\/uploads\/2019\/04\/V\u00edz-vil\u00e1gnapja-3.jpg 566w, https:\/\/dureriskola.hu\/bay\/wp-content\/uploads\/2019\/04\/V\u00edz-vil\u00e1gnapja-3-300x225.jpg 300w, https:\/\/dureriskola.hu\/bay\/wp-content\/uploads\/2019\/04\/V\u00edz-vil\u00e1gnapja-3-160x120.jpg 160w\" sizes=\"(max-width: 321px) 100vw, 321px\" \/><\/a> <a href=\"http:\/\/dureriskola.hu\/bay\/wp-content\/uploads\/2019\/04\/V\u00edz-vil\u00e1gnapja-4.jpg\"><img decoding=\"async\" loading=\"lazy\" class=\"  wp-image-4204 alignleft\" src=\"http:\/\/dureriskola.hu\/bay\/wp-content\/uploads\/2019\/04\/V\u00edz-vil\u00e1gnapja-4.jpg\" alt=\"V\u00edz vil\u00e1gnapja 4\" width=\"322\" height=\"241\" srcset=\"https:\/\/dureriskola.hu\/bay\/wp-content\/uploads\/2019\/04\/V\u00edz-vil\u00e1gnapja-4.jpg 561w, https:\/\/dureriskola.hu\/bay\/wp-content\/uploads\/2019\/04\/V\u00edz-vil\u00e1gnapja-4-300x225.jpg 300w, https:\/\/dureriskola.hu\/bay\/wp-content\/uploads\/2019\/04\/V\u00edz-vil\u00e1gnapja-4-160x120.jpg 160w\" sizes=\"(max-width: 322px) 100vw, 322px\" \/><\/a><\/p>\n","protected":false},"excerpt":{"rendered":"<p>A K\u00d6VIZIG m\u00e1rcius 22-\u00e9n, p\u00e9nteken rendezte meg szok\u00e1sos v\u00edz vil\u00e1gnapi rendezv\u00e9ny\u00e9t. A sz\u00e9kh\u00e1z k\u00f6r\u00fcl tartott bemutat\u00f3kon megismerkedhett\u00fcnk a v\u00edz\u00fcgyi tev\u00e9kenys\u00e9gekkel. Megismert\u00fck a l\u00e1pi k\u00fatt\u00f3l eg\u00e9szen a csapv\u00edzig vezet\u0151 k\u00fcl\u00f6nleges utat. Terepasztalra ker\u00fclt a v\u00edzmin\u0151s\u00e9g-v\u00e9delem, megtudhattuk, hogyan szabhatunk g\u00e1tat a k\u00f6rnyezetszennyez\u00e9snek. Ell\u00e1togathattunk Micropoliszba, \u00e9s megismerhett\u00fcnk egy, a vizet term\u00e9szetes megold\u00e1sokkal hasznos\u00edt\u00f3 v\u00e1ros \u00e9let\u00e9t. A Cseberb\u0151l vederbe [&hellip;]<\/p>\n","protected":false},"author":1,"featured_media":0,"comment_status":"closed","ping_status":"closed","sticky":false,"template":"","format":"standard","meta":{"footnotes":""},"categories":[1],"tags":[],"_links":{"self":[{"href":"https:\/\/dureriskola.hu\/bay\/index.php?rest_route=\/wp\/v2\/posts\/4200"}],"collection":[{"href":"https:\/\/dureriskola.hu\/bay\/index.php?rest_route=\/wp\/v2\/posts"}],"about":[{"href":"https:\/\/dureriskola.hu\/bay\/index.php?rest_route=\/wp\/v2\/types\/post"}],"author":[{"embeddable":true,"href":"https:\/\/dureriskola.hu\/bay\/index.php?rest_route=\/wp\/v2\/users\/1"}],"replies":[{"embeddable":true,"href":"https:\/\/dureriskola.hu\/bay\/index.php?rest_route=%2Fwp%2Fv2%2Fcomments&post=4200"}],"version-history":[{"count":2,"href":"https:\/\/dureriskola.hu\/bay\/index.php?rest_route=\/wp\/v2\/posts\/4200\/revisions"}],"predecessor-version":[{"id":4206,"href":"https:\/\/dureriskola.hu\/bay\/index.php?rest_route=\/wp\/v2\/posts\/4200\/revisions\/4206"}],"wp:attachment":[{"href":"https:\/\/dureriskola.hu\/bay\/index.php?rest_route=%2Fwp%2Fv2%2Fmedia&parent=4200"}],"wp:term":[{"taxonomy":"category","embeddable":true,"href":"https:\/\/dureriskola.hu\/bay\/index.php?rest_route=%2Fwp%2Fv2%2Fcategories&post=4200"},{"taxonomy":"post_tag","embeddable":true,"href":"https:\/\/dureriskola.hu\/bay\/index.php?rest_route=%2Fwp%2Fv2%2Ftags&post=4200"}],"curies":[{"name":"wp","href":"https:\/\/api.w.org\/{rel}","templated":true}]}}