{"id":4186,"date":"2019-03-28T16:00:38","date_gmt":"2019-03-28T16:00:38","guid":{"rendered":"http:\/\/dureriskola.hu\/bay\/?p=4186"},"modified":"2019-04-02T06:34:41","modified_gmt":"2019-04-02T06:34:41","slug":"teruleti-szorobanvereseny-2019","status":"publish","type":"post","link":"https:\/\/dureriskola.hu\/bay\/?p=4186","title":{"rendered":"TER\u00dcLETI SZOROB\u00c1NVERESENY 2019."},"content":{"rendered":"<div class=\"fcbkbttn_buttons_block\" id=\"fcbkbttn_left\"><div class=\"fcbkbttn_button\">\n                            <a href=\"https:\/\/www.facebook.com\/\" target=\"_blank\">\n                                <img src=\"https:\/\/dureriskola.hu\/bay\/wp-content\/plugins\/facebook-button-plugin\/images\/standard-facebook-ico.png\" alt=\"Fb-Button\" \/>\n                            <\/a>\n                        <\/div><div class=\"fcbkbttn_like \"><fb:like href=\"https:\/\/dureriskola.hu\/bay\/?p=4186\" action=\"like\" colorscheme=\"dark\" layout=\"standard\" show-faces='false' width=\"225px\" size=\"small\"><\/fb:like><\/div><\/div><p style=\"text-align: justify;\"><span style=\"color: #000000;\">Ter\u00fcleti szorob\u00e1nversenyen vett r\u00e9szt iskol\u00e1nk 28 tanul\u00f3ja m\u00e1rcius 28-\u00e1n. A jap\u00e1n sz\u00e1mol\u00f3eszk\u00f6zzel els\u0151 oszt\u00e1lyos korukban ismerkednek tan\u00edtv\u00e1nyaink. Ter\u00fcleti versenyt hirdetnek a leggyorsabb szorob\u00e1nhaszn\u00e1l\u00f3knak minden \u00e9vben. Az id\u00e9n is az Implom iskola volt a ter\u00fcleti verseny helysz\u00edne. A m\u00e1sodikosokt\u00f3l a nyolcadikosokig megm\u00e9rettett\u00e9k magukat a gyerekek. A hib\u00e1tlan \u00e9s gyors sz\u00e1mol\u00e1s a c\u00e9l. A XXI. versenyen 21 tanul\u00f3nk \u00e9rt el legal\u00e1bb negyedik helyez\u00e9st. \u0150k k\u00e9pviselhetik iskol\u00e1nkat a Budapesten megrendezend\u0151 orsz\u00e1gos versenyen.<\/span><\/p>\n<p style=\"text-align: center;\"><span style=\"color: #000000;\">Ez\u00faton is gratul\u00e1lunk eredm\u00e9nyeikhez, amelyet szorgalmas, kitart\u00f3 munk\u00e1val \u00e9rtek el!<\/span><\/p>\n<h5 style=\"text-align: center;\"><em><span style=\"text-decoration: underline;\"><strong><span style=\"color: #000000; text-decoration: underline;\">Als\u00f3s helyezettek:<\/span><\/strong><\/span><\/em><\/h5>\n<h5 style=\"text-align: center;\"><a href=\"http:\/\/dureriskola.hu\/bay\/wp-content\/uploads\/2019\/04\/Als\u00f3s-szorob\u00e1nosok.jpg\"><img decoding=\"async\" loading=\"lazy\" class=\" size-full wp-image-4187 aligncenter\" src=\"http:\/\/dureriskola.hu\/bay\/wp-content\/uploads\/2019\/04\/Als\u00f3s-szorob\u00e1nosok.jpg\" alt=\"Als\u00f3s szorob\u00e1nosok\" width=\"720\" height=\"540\" srcset=\"https:\/\/dureriskola.hu\/bay\/wp-content\/uploads\/2019\/04\/Als\u00f3s-szorob\u00e1nosok.jpg 720w, https:\/\/dureriskola.hu\/bay\/wp-content\/uploads\/2019\/04\/Als\u00f3s-szorob\u00e1nosok-300x225.jpg 300w, https:\/\/dureriskola.hu\/bay\/wp-content\/uploads\/2019\/04\/Als\u00f3s-szorob\u00e1nosok-160x120.jpg 160w\" sizes=\"(max-width: 720px) 100vw, 720px\" \/><span style=\"text-decoration: underline; color: #0000ff;\">2. oszt\u00e1ly:<\/span><\/a><\/h5>\n<p style=\"text-align: center;\"><span style=\"color: #000000;\">&#8211; Hargitai Erik M\u00e1rk: VII.hely<br \/>\n&#8211; Lendvai M\u00e1ty\u00e1s: IV.hely<br \/>\n&#8211; Lups\u00e1n Zolt\u00e1n S\u00e1ndor: IV.hely<br \/>\n<\/span><span style=\"color: #000000;\">&#8211; Toronyi B\u00e1lint: VI.hely<\/span><\/p>\n<h5 style=\"text-align: center;\"><span style=\"text-decoration: underline;\"><span style=\"color: #0000ff; text-decoration: underline;\">3. oszt\u00e1ly:<\/span><\/span><\/h5>\n<p style=\"text-align: center;\"><span style=\"color: #000000;\">&#8211; Borsos Gr\u00e9ta: III.hely<\/span><br \/>\n<span style=\"color: #000000;\">&#8211; Csereszny\u00e9s Nikolett: III.hely<\/span><br \/>\n<span style=\"color: #000000;\">&#8211; Maros\u00e1n Vivien: III.hely<\/span><br \/>\n<span style=\"color: #000000;\">&#8211; Nagy Csaba: III.hely<\/span><br \/>\n<span style=\"color: #000000;\">&#8211; P\u00e1kozdi Dorina: III.hely<\/span><br \/>\n<span style=\"color: #000000;\">&#8211; P\u00e1kozdi Ram\u00f3na: I.hely<\/span><br \/>\n<span style=\"color: #000000;\">&#8211; Rot\u00e1r D\u00e1vid: IV.hely<\/span><br \/>\n<span style=\"color: #000000;\">&#8211; Szab\u00f3 Bori: IV.hely<\/span><\/p>\n<h5 style=\"text-align: center;\"><span style=\"text-decoration: underline;\"><span style=\"color: #0000ff; text-decoration: underline;\">4. oszt\u00e1ly:<\/span><\/span><\/h5>\n<p style=\"text-align: center;\"><span style=\"color: #000000;\">&#8211; Antal Ria Nikolett: IV.hely<\/span><br \/>\n<span style=\"color: #000000;\">&#8211; Braun M\u00e1t\u00e9: V.hely<\/span><br \/>\n<span style=\"color: #000000;\">&#8211; Erd\u0151di Gerg\u0151: II.hely<\/span><br \/>\n<span style=\"color: #000000;\">&#8211; Lov\u00e1sz Izabella: VI.hely<\/span><br \/>\n<span style=\"color: #000000;\">&#8211; Kov\u00e1cs Bogl\u00e1rka: VI.hely<\/span><br \/>\n<span style=\"color: #000000;\">&#8211; Magyar N\u00f3ra: IV.hely<\/span><br \/>\n<span style=\"color: #000000;\">&#8211; Serf\u0151z\u0151 Bal\u00e1zs: IV.hely<\/span><\/p>\n<h5 style=\"text-align: center;\"><em><span style=\"text-decoration: underline;\"><strong><span style=\"color: #000000; text-decoration: underline;\">Fels\u0151s helyezettek:<\/span><\/strong><\/span><\/em><\/h5>\n<p style=\"text-align: center;\"><a href=\"http:\/\/dureriskola.hu\/bay\/wp-content\/uploads\/2019\/04\/Fels\u0151s-szorob\u00e1nosok.jpg\"><img decoding=\"async\" loading=\"lazy\" class=\"alignnone size-full wp-image-4195\" src=\"http:\/\/dureriskola.hu\/bay\/wp-content\/uploads\/2019\/04\/Fels\u0151s-szorob\u00e1nosok.jpg\" alt=\"Fels\u0151s szorob\u00e1nosok\" width=\"720\" height=\"540\" srcset=\"https:\/\/dureriskola.hu\/bay\/wp-content\/uploads\/2019\/04\/Fels\u0151s-szorob\u00e1nosok.jpg 720w, https:\/\/dureriskola.hu\/bay\/wp-content\/uploads\/2019\/04\/Fels\u0151s-szorob\u00e1nosok-300x225.jpg 300w, https:\/\/dureriskola.hu\/bay\/wp-content\/uploads\/2019\/04\/Fels\u0151s-szorob\u00e1nosok-160x120.jpg 160w\" sizes=\"(max-width: 720px) 100vw, 720px\" \/><\/a><\/p>\n<h5 style=\"text-align: center;\"><span style=\"text-decoration: underline; color: #0000ff;\">5. oszt\u00e1ly:<\/span><\/h5>\n<p style=\"text-align: center;\">&#8211; Bundik Kata S\u00e1ra: VI.hely<br \/>\n&#8211; Csereszny\u00e9s No\u00e9mi: IV.hely<br \/>\n&#8211; Guba Hunor Richard: IV.hely<br \/>\n&#8211; Pintye Em\u00edlia: IV.hely<\/p>\n<h5 style=\"text-align: center;\"><span style=\"text-decoration: underline;\"><span style=\"color: #0000ff; text-decoration: underline;\">6. oszt\u00e1ly:<\/span><\/span><\/h5>\n<p style=\"text-align: center;\">&#8211; Serf\u0151z\u0151 M\u00e1t\u00e9: VII.hely<\/p>\n<h5 style=\"text-align: center;\"><span style=\"text-decoration: underline;\"><span style=\"color: #0000ff; text-decoration: underline;\">7. oszt\u00e1ly:<\/span><\/span><\/h5>\n<p style=\"text-align: center;\">&#8211; Kneifel Anna: II.hely<\/p>\n<h5 style=\"text-align: center;\"><span style=\"text-decoration: underline;\"><span style=\"color: #0000ff; text-decoration: underline;\">8. oszt\u00e1ly:<\/span><\/span><\/h5>\n<p style=\"text-align: center;\">&#8211; Gyuricza Istv\u00e1n: III.hely<br \/>\n&#8211; Hargitai Martin Ott\u00f3: IV.hely<br \/>\n&#8211; K\u00f3sa No\u00e9mi: III.hely<\/p>\n","protected":false},"excerpt":{"rendered":"<p>Ter\u00fcleti szorob\u00e1nversenyen vett r\u00e9szt iskol\u00e1nk 28 tanul\u00f3ja m\u00e1rcius 28-\u00e1n. A jap\u00e1n sz\u00e1mol\u00f3eszk\u00f6zzel els\u0151 oszt\u00e1lyos korukban ismerkednek tan\u00edtv\u00e1nyaink. Ter\u00fcleti versenyt hirdetnek a leggyorsabb szorob\u00e1nhaszn\u00e1l\u00f3knak minden \u00e9vben. Az id\u00e9n is az Implom iskola volt a ter\u00fcleti verseny helysz\u00edne. A m\u00e1sodikosokt\u00f3l a nyolcadikosokig megm\u00e9rettett\u00e9k magukat a gyerekek. A hib\u00e1tlan \u00e9s gyors sz\u00e1mol\u00e1s a c\u00e9l. A XXI. versenyen 21 [&hellip;]<\/p>\n","protected":false},"author":1,"featured_media":0,"comment_status":"closed","ping_status":"closed","sticky":false,"template":"","format":"standard","meta":{"footnotes":""},"categories":[1],"tags":[],"_links":{"self":[{"href":"https:\/\/dureriskola.hu\/bay\/index.php?rest_route=\/wp\/v2\/posts\/4186"}],"collection":[{"href":"https:\/\/dureriskola.hu\/bay\/index.php?rest_route=\/wp\/v2\/posts"}],"about":[{"href":"https:\/\/dureriskola.hu\/bay\/index.php?rest_route=\/wp\/v2\/types\/post"}],"author":[{"embeddable":true,"href":"https:\/\/dureriskola.hu\/bay\/index.php?rest_route=\/wp\/v2\/users\/1"}],"replies":[{"embeddable":true,"href":"https:\/\/dureriskola.hu\/bay\/index.php?rest_route=%2Fwp%2Fv2%2Fcomments&post=4186"}],"version-history":[{"count":12,"href":"https:\/\/dureriskola.hu\/bay\/index.php?rest_route=\/wp\/v2\/posts\/4186\/revisions"}],"predecessor-version":[{"id":4199,"href":"https:\/\/dureriskola.hu\/bay\/index.php?rest_route=\/wp\/v2\/posts\/4186\/revisions\/4199"}],"wp:attachment":[{"href":"https:\/\/dureriskola.hu\/bay\/index.php?rest_route=%2Fwp%2Fv2%2Fmedia&parent=4186"}],"wp:term":[{"taxonomy":"category","embeddable":true,"href":"https:\/\/dureriskola.hu\/bay\/index.php?rest_route=%2Fwp%2Fv2%2Fcategories&post=4186"},{"taxonomy":"post_tag","embeddable":true,"href":"https:\/\/dureriskola.hu\/bay\/index.php?rest_route=%2Fwp%2Fv2%2Ftags&post=4186"}],"curies":[{"name":"wp","href":"https:\/\/api.w.org\/{rel}","templated":true}]}}