{"id":3869,"date":"2018-05-23T06:03:31","date_gmt":"2018-05-23T06:03:31","guid":{"rendered":"http:\/\/dureriskola.hu\/bay\/?p=3869"},"modified":"2018-05-23T06:03:31","modified_gmt":"2018-05-23T06:03:31","slug":"siker-a-teleki-pal-foldrajzversenyen","status":"publish","type":"post","link":"https:\/\/dureriskola.hu\/bay\/?p=3869","title":{"rendered":"Siker a Teleki P\u00e1l f\u00f6ldrajzversenyen"},"content":{"rendered":"<div class=\"fcbkbttn_buttons_block\" id=\"fcbkbttn_left\"><div class=\"fcbkbttn_button\">\n                            <a href=\"https:\/\/www.facebook.com\/\" target=\"_blank\">\n                                <img src=\"https:\/\/dureriskola.hu\/bay\/wp-content\/plugins\/facebook-button-plugin\/images\/standard-facebook-ico.png\" alt=\"Fb-Button\" \/>\n                            <\/a>\n                        <\/div><div class=\"fcbkbttn_like \"><fb:like href=\"https:\/\/dureriskola.hu\/bay\/?p=3869\" action=\"like\" colorscheme=\"dark\" layout=\"standard\" show-faces='false' width=\"225px\" size=\"small\"><\/fb:like><\/div><\/div><h4 style=\"text-align: center;\">XXVI. <strong>Teleki P\u00e1l K\u00e1rp\u00e1t-medencei F\u00f6ldrajz-f\u00f6ldtan Verseny<\/strong><\/h4>\n<p style=\"text-align: center;\"><strong>Eger, 2018. m\u00e1jus 11-13.<\/strong><\/p>\n<p style=\"text-align: center;\">\n<p style=\"text-align: center;\">A k\u00e9pzeletbeli dobog\u00f3ra \u00e1llhatott a Bay Zolt\u00e1n \u00c1ltal\u00e1nos Iskola 8. a oszt\u00e1lyos tanul\u00f3ja<\/p>\n<p style=\"text-align: center;\">\u00c1prilis 7- \u00e9n a megyei versenyen, Serf\u0151z\u0151 Anna kiemelked\u0151 (91%-os) teljes\u00edtm\u00e9nnyel az els\u0151 helyen v\u00e9gzett. \u00cdgy az elm\u00falt \u00e9vhez hasonl\u00f3an \u00fajra nekiv\u00e1ghattunk az orsz\u00e1gos d\u00f6nt\u0151nek. A Magyar Term\u00e9szettudom\u00e1nyi T\u00e1rsulat az utols\u00f3 k\u00e9t \u00e9vben a versenyt kiterjesztette az anyaorsz\u00e1gon k\u00edv\u00fcli, K\u00e1rp\u00e1t-medencei magyar nyelv\u0171 iskol\u00e1k 7. \u00e9s 8. oszt\u00e1lyosai sz\u00e1m\u00e1ra.<\/p>\n<p style=\"text-align: center;\">Egy alaposan megszervezett, nagyon magas sz\u00ednvonal\u00fa f\u00f6ldrajzverseny r\u00e9sztvev\u0151i lehett\u00fcnk Egerben! R\u00f6viddel a p\u00e9nteki meg\u00e9rkez\u00e9s \u00e9s regisztr\u00e1ci\u00f3 ut\u00e1n el\u0151sz\u00f6r egy m\u00e1sf\u00e9l \u00f3r\u00e1s teszt\u00edr\u00e1sra ker\u00fclt sor, majd kis pihen\u0151 ut\u00e1n egy \u00fajabb k\u00f6vetkezett.<\/p>\n<p style=\"text-align: center;\">Szombaton reggelt\u0151l kora d\u00e9lut\u00e1nig egy hossz\u00fa terepgyakorlaton vettek r\u00e9szt a tanul\u00f3k, mely sor\u00e1n megismerkedhettek a t\u00e9rs\u00e9g geol\u00f3giai \u00e9rdekess\u00e9geivel. Szakavatott el\u0151ad\u00f3k kalauzolt\u00e1k a noszvaji geol\u00f3giai parkhoz, a S\u00edkf\u0151k\u00fati Szent Imre forr\u00e1shoz. Ezut\u00e1n a Noszvaj Pocem kapt\u00e1rk\u00f6veit, a B\u00fckk el\u0151ter\u00e9ben fekv\u0151 Suba-lyukat, \u00e9s utols\u00f3 \u00e1llom\u00e1son a fels\u0151t\u00e1rk\u00e1nyi k\u0151zetparkot tekintett\u00e9k meg. A terepen elhangzott el\u0151ad\u00e1sokb\u00f3l tesztet \u00edrtak. D\u00e9lut\u00e1n nagyon komoly sz\u00f3beli fordul\u00f3 k\u00f6vetkezett: a t\u00e9telsorb\u00f3l kih\u00fazott t\u00e9m\u00e1kb\u00f3l r\u00f6vid, 5 perces el\u0151ad\u00e1st kellett tartani, ami k\u0151zet-felismer\u00e9si feladattal eg\u00e9sz\u00fclt ki. F\u00e1raszt\u00f3 nap volt!<\/p>\n<p style=\"text-align: center;\">A vas\u00e1rnapi eredm\u00e9nyhirdet\u00e9s sor\u00e1n nagy \u00f6r\u00f6m\u00fcnkre vil\u00e1goss\u00e1 v\u00e1lt, hogy az alapos felk\u00e9sz\u00fcl\u00e9st, sok tanul\u00e1st siker koron\u00e1zta: ebben az \u00e9vben a 8. oszt\u00e1lyosok k\u00f6z\u00f6tt Serf\u0151z\u0151 Anna a K\u00e1rp\u00e1t- medence harmadik legjobb f\u00f6ldrajzosa lett. T\u00f6bb k\u00fcl\u00f6n d\u00edjban r\u00e9szes\u00fclt: a legjobb, legszebb sz\u00f3beli felelet\u00e9rt, \u00e9s a terepi fordul\u00f3n ny\u00fajtott teljes\u00edtm\u00e9ny\u00e9\u00e9rt. Sok jutalom mellett csal\u00e1di bel\u00e9p\u0151t kapott Abaligetre \u00e9s Lillaf\u00fcredre. A Nemzetstrat\u00e9giai Kutat\u00f3int\u00e9zet k\u00fcl\u00f6nd\u00edjakkal jutalmazta a K\u00e1rp\u00e1t-medenc\u00e9t legjobban ismer\u0151 els\u0151 3 hetedik \u00e9s nyolcadik oszt\u00e1lyos tanul\u00f3kat. A f\u0151 d\u00edj: egy hetet t\u00f6ltenek a II. K\u00e1rp\u00e1t-medencei Tehets\u00e9gt\u00e1borban a K\u00e1rp\u00e1t- medence legjobb k\u00e9mi\u00e1saival \u00e9s biol\u00f3gusaival egy\u00fctt.<\/p>\n<p style=\"text-align: center;\"><a href=\"http:\/\/dureriskola.hu\/bay\/wp-content\/uploads\/2018\/05\/Seresf\u0151z\u01511.jpg\"><img decoding=\"async\" loading=\"lazy\" class=\"alignnone size-full wp-image-3868\" src=\"http:\/\/dureriskola.hu\/bay\/wp-content\/uploads\/2018\/05\/Seresf\u0151z\u01511.jpg\" alt=\"Seresf\u0151z\u01511\" width=\"461\" height=\"768\" srcset=\"https:\/\/dureriskola.hu\/bay\/wp-content\/uploads\/2018\/05\/Seresf\u0151z\u01511.jpg 461w, https:\/\/dureriskola.hu\/bay\/wp-content\/uploads\/2018\/05\/Seresf\u0151z\u01511-180x300.jpg 180w\" sizes=\"(max-width: 461px) 100vw, 461px\" \/><\/a><\/p>\n<p style=\"text-align: center;\">Sok-sok tapasztalat, tud\u00e1s, \u00e9lm\u00e9ny mellett \u00faj bar\u00e1ts\u00e1gok koron\u00e1zt\u00e1k is sz\u00fclettek e h\u00e1rom nap alatt.<\/p>\n<p style=\"text-align: center;\">Szeretettel gratul\u00e1lunk ehhez a nagyszer\u0171 teljes\u00edtm\u00e9nyhez Ann\u00e1nak \u00e9s mindazoknak, akik munk\u00e1j\u00e1t seg\u00edtett\u00e9k.<\/p>\n<p style=\"text-align: center;\">\n<p style=\"text-align: center;\">\n","protected":false},"excerpt":{"rendered":"<p>XXVI. Teleki P\u00e1l K\u00e1rp\u00e1t-medencei F\u00f6ldrajz-f\u00f6ldtan Verseny Eger, 2018. m\u00e1jus 11-13. A k\u00e9pzeletbeli dobog\u00f3ra \u00e1llhatott a Bay Zolt\u00e1n \u00c1ltal\u00e1nos Iskola 8. a oszt\u00e1lyos tanul\u00f3ja \u00c1prilis 7- \u00e9n a megyei versenyen, Serf\u0151z\u0151 Anna kiemelked\u0151 (91%-os) teljes\u00edtm\u00e9nnyel az els\u0151 helyen v\u00e9gzett. \u00cdgy az elm\u00falt \u00e9vhez hasonl\u00f3an \u00fajra nekiv\u00e1ghattunk az orsz\u00e1gos d\u00f6nt\u0151nek. A Magyar Term\u00e9szettudom\u00e1nyi T\u00e1rsulat az utols\u00f3 k\u00e9t [&hellip;]<\/p>\n","protected":false},"author":1,"featured_media":0,"comment_status":"closed","ping_status":"closed","sticky":false,"template":"","format":"standard","meta":{"footnotes":""},"categories":[1],"tags":[],"_links":{"self":[{"href":"https:\/\/dureriskola.hu\/bay\/index.php?rest_route=\/wp\/v2\/posts\/3869"}],"collection":[{"href":"https:\/\/dureriskola.hu\/bay\/index.php?rest_route=\/wp\/v2\/posts"}],"about":[{"href":"https:\/\/dureriskola.hu\/bay\/index.php?rest_route=\/wp\/v2\/types\/post"}],"author":[{"embeddable":true,"href":"https:\/\/dureriskola.hu\/bay\/index.php?rest_route=\/wp\/v2\/users\/1"}],"replies":[{"embeddable":true,"href":"https:\/\/dureriskola.hu\/bay\/index.php?rest_route=%2Fwp%2Fv2%2Fcomments&post=3869"}],"version-history":[{"count":1,"href":"https:\/\/dureriskola.hu\/bay\/index.php?rest_route=\/wp\/v2\/posts\/3869\/revisions"}],"predecessor-version":[{"id":3870,"href":"https:\/\/dureriskola.hu\/bay\/index.php?rest_route=\/wp\/v2\/posts\/3869\/revisions\/3870"}],"wp:attachment":[{"href":"https:\/\/dureriskola.hu\/bay\/index.php?rest_route=%2Fwp%2Fv2%2Fmedia&parent=3869"}],"wp:term":[{"taxonomy":"category","embeddable":true,"href":"https:\/\/dureriskola.hu\/bay\/index.php?rest_route=%2Fwp%2Fv2%2Fcategories&post=3869"},{"taxonomy":"post_tag","embeddable":true,"href":"https:\/\/dureriskola.hu\/bay\/index.php?rest_route=%2Fwp%2Fv2%2Ftags&post=3869"}],"curies":[{"name":"wp","href":"https:\/\/api.w.org\/{rel}","templated":true}]}}