{"id":3775,"date":"2017-12-06T07:37:18","date_gmt":"2017-12-06T07:37:18","guid":{"rendered":"http:\/\/dureriskola.hu\/bay\/?p=3775"},"modified":"2017-12-06T07:37:57","modified_gmt":"2017-12-06T07:37:57","slug":"iskolanyitogato-2","status":"publish","type":"post","link":"https:\/\/dureriskola.hu\/bay\/?p=3775","title":{"rendered":"Iskolanyitogat\u00f3"},"content":{"rendered":"<div class=\"fcbkbttn_buttons_block\" id=\"fcbkbttn_left\"><div class=\"fcbkbttn_button\">\n                            <a href=\"https:\/\/www.facebook.com\/\" target=\"_blank\">\n                                <img src=\"https:\/\/dureriskola.hu\/bay\/wp-content\/plugins\/facebook-button-plugin\/images\/standard-facebook-ico.png\" alt=\"Fb-Button\" \/>\n                            <\/a>\n                        <\/div><div class=\"fcbkbttn_like \"><fb:like href=\"https:\/\/dureriskola.hu\/bay\/?p=3775\" action=\"like\" colorscheme=\"dark\" layout=\"standard\" show-faces='false' width=\"225px\" size=\"small\"><\/fb:like><\/div><\/div><p style=\"text-align: center;\">December 1-j\u00e9n, p\u00e9nteken megnyitottuk az iskol\u00e1nkat az ovisok \u00e9s sz\u00fcleik el\u0151tt.<\/p>\n<p style=\"text-align: center;\">Megmutattuk nekik az \u00e9p\u00fcletet, majd m\u00e9zeskal\u00e1csokat d\u00edsz\u00edtett\u00fcnk, \u00e9s angyalk\u00e1kat k\u00e9sz\u00edtett\u00fcnk. Kar\u00e1csonyi zene, kar\u00e1csonyi m\u00e9zeskal\u00e1cs-illat \u00e9s vid\u00e1m gyerekzsivaj t\u00f6lt\u00f6tte meg az aul\u00e1nkat.<\/p>\n<p style=\"text-align: center;\">A j\u00f3 hangulat\u00fa k\u00e9zm\u0171vesked\u00e9s ut\u00e1n Peti b\u00e1csi megmutatta az ovisoknak a sz\u00e1m\u00edt\u00f3g\u00e9ptermet, melyet azt\u00e1n \u0151k azonnal birtokba is vettek, \u00e9s sokf\u00e9le sz\u00e1m\u00edt\u00f3g\u00e9pes j\u00e1t\u00e9kkal tett\u00e9k pr\u00f3b\u00e1ra \u00fcgyess\u00e9g\u00fcket.<\/p>\n<p style=\"text-align: center;\">Ezut\u00e1n a sportcsarnokunkba vezetett az utunk. Ott m\u00e1r berendezett terem v\u00e1rta az \u00f3vod\u00e1sokat. El\u0151sz\u00f6r \u00fcgyess\u00e9gi j\u00e1t\u00e9kokban, versenyekben vettek r\u00e9szt, amelybe a sz\u00fcl\u0151k is bekapcsol\u00f3dtak. Ezek ut\u00e1n Feri b\u00e1csi vezette be \u0151ket a karate alapjaiba.<\/p>\n<p style=\"text-align: center;\">A j\u00f3l siker\u00fclt tal\u00e1lkoz\u00f3 ut\u00e1n, szeretettel v\u00e1rjuk az ovisokat \u00e9s sz\u00fcleiket a farsangi rendezv\u00e9ny\u00fcnkre is!<\/p>\n<p style=\"text-align: center;\">\n","protected":false},"excerpt":{"rendered":"<p>December 1-j\u00e9n, p\u00e9nteken megnyitottuk az iskol\u00e1nkat az ovisok \u00e9s sz\u00fcleik el\u0151tt. Megmutattuk nekik az \u00e9p\u00fcletet, majd m\u00e9zeskal\u00e1csokat d\u00edsz\u00edtett\u00fcnk, \u00e9s angyalk\u00e1kat k\u00e9sz\u00edtett\u00fcnk. Kar\u00e1csonyi zene, kar\u00e1csonyi m\u00e9zeskal\u00e1cs-illat \u00e9s vid\u00e1m gyerekzsivaj t\u00f6lt\u00f6tte meg az aul\u00e1nkat. A j\u00f3 hangulat\u00fa k\u00e9zm\u0171vesked\u00e9s ut\u00e1n Peti b\u00e1csi megmutatta az ovisoknak a sz\u00e1m\u00edt\u00f3g\u00e9ptermet, melyet azt\u00e1n \u0151k azonnal birtokba is vettek, \u00e9s sokf\u00e9le sz\u00e1m\u00edt\u00f3g\u00e9pes j\u00e1t\u00e9kkal [&hellip;]<\/p>\n","protected":false},"author":1,"featured_media":0,"comment_status":"closed","ping_status":"closed","sticky":false,"template":"","format":"standard","meta":{"footnotes":""},"categories":[1],"tags":[],"_links":{"self":[{"href":"https:\/\/dureriskola.hu\/bay\/index.php?rest_route=\/wp\/v2\/posts\/3775"}],"collection":[{"href":"https:\/\/dureriskola.hu\/bay\/index.php?rest_route=\/wp\/v2\/posts"}],"about":[{"href":"https:\/\/dureriskola.hu\/bay\/index.php?rest_route=\/wp\/v2\/types\/post"}],"author":[{"embeddable":true,"href":"https:\/\/dureriskola.hu\/bay\/index.php?rest_route=\/wp\/v2\/users\/1"}],"replies":[{"embeddable":true,"href":"https:\/\/dureriskola.hu\/bay\/index.php?rest_route=%2Fwp%2Fv2%2Fcomments&post=3775"}],"version-history":[{"count":2,"href":"https:\/\/dureriskola.hu\/bay\/index.php?rest_route=\/wp\/v2\/posts\/3775\/revisions"}],"predecessor-version":[{"id":3777,"href":"https:\/\/dureriskola.hu\/bay\/index.php?rest_route=\/wp\/v2\/posts\/3775\/revisions\/3777"}],"wp:attachment":[{"href":"https:\/\/dureriskola.hu\/bay\/index.php?rest_route=%2Fwp%2Fv2%2Fmedia&parent=3775"}],"wp:term":[{"taxonomy":"category","embeddable":true,"href":"https:\/\/dureriskola.hu\/bay\/index.php?rest_route=%2Fwp%2Fv2%2Fcategories&post=3775"},{"taxonomy":"post_tag","embeddable":true,"href":"https:\/\/dureriskola.hu\/bay\/index.php?rest_route=%2Fwp%2Fv2%2Ftags&post=3775"}],"curies":[{"name":"wp","href":"https:\/\/api.w.org\/{rel}","templated":true}]}}