{"id":3772,"date":"2017-11-27T15:11:35","date_gmt":"2017-11-27T15:11:35","guid":{"rendered":"http:\/\/dureriskola.hu\/bay\/?p=3772"},"modified":"2017-11-27T15:11:35","modified_gmt":"2017-11-27T15:11:35","slug":"europai-mezes-reggeli","status":"publish","type":"post","link":"https:\/\/dureriskola.hu\/bay\/?p=3772","title":{"rendered":"Eur\u00f3pai M\u00e9zes Reggeli"},"content":{"rendered":"<div class=\"fcbkbttn_buttons_block\" id=\"fcbkbttn_left\"><div class=\"fcbkbttn_button\">\n                            <a href=\"https:\/\/www.facebook.com\/\" target=\"_blank\">\n                                <img src=\"https:\/\/dureriskola.hu\/bay\/wp-content\/plugins\/facebook-button-plugin\/images\/standard-facebook-ico.png\" alt=\"Fb-Button\" \/>\n                            <\/a>\n                        <\/div><div class=\"fcbkbttn_like \"><fb:like href=\"https:\/\/dureriskola.hu\/bay\/?p=3772\" action=\"like\" colorscheme=\"dark\" layout=\"standard\" show-faces='false' width=\"225px\" size=\"small\"><\/fb:like><\/div><\/div><p class=\"m_-5078767656152837749gmail-p\" style=\"text-align: center;\"><span style=\"font-size: large;\">Iskol\u00e1nkban Eur\u00f3pai M\u00e9zes Reggelit tartottunk, ahol a gyerekek a helyi m\u00e9h\u00e9szek \u00e1ltal megtermelt m\u00e9zet fogyasztott\u00e1k el j\u00f3 \u00e9tv\u00e1ggyal. Ez a rendezv\u00e9ny az eg\u00e9szs\u00e9ges \u00e9letm\u00f3dot, \u00e9s a reggeli fontoss\u00e1g\u00e1t hangs\u00falyozta, a m\u00e9z eg\u00e9szs\u00e9gre gyakorolt j\u00f3t\u00e9kony hat\u00e1s\u00e1t helyezte a k\u00f6z\u00e9ppontba. \u00a0<\/span><\/p>\n<p class=\"m_-5078767656152837749gmail-p\" style=\"text-align: center;\"><span style=\"font-size: large;\">A m\u00e9zes reggelit\u00a0m\u00e9zk\u00f3stol\u00e1s \u00e9s \u00e9v m\u00e9ze szavaz\u00e1s\u00a0k\u00f6vette. Majd egy ismeretterjeszt\u0151 kisfilmet\u00a0n\u00e9zt\u00fcnk meg a m\u00e9hek \u00e9let\u00e9r\u0151l, amelyet\u00a0<span class=\"m_-5078767656152837749gmail-15\">\u00c1rgyel\u00e1n J\u00e1nos<\/span>, az Orsz\u00e1gos Magyar M\u00e9h\u00e9szeti Egyes\u00fclet B\u00e9k\u00e9s megyei szaktan\u00e1csad\u00f3ja hozott el nek\u00fcnk.<\/span><\/p>\n<p class=\"m_-5078767656152837749gmail-p\" style=\"text-align: center;\"><span style=\"font-size: large;\">\u00a0<a href=\"http:\/\/dureriskola.hu\/bay\/wp-content\/uploads\/2017\/11\/H7.jpg\"><img decoding=\"async\" loading=\"lazy\" class=\"alignnone size-full wp-image-3771\" src=\"http:\/\/dureriskola.hu\/bay\/wp-content\/uploads\/2017\/11\/H7.jpg\" alt=\"H7\" width=\"1024\" height=\"768\" srcset=\"https:\/\/dureriskola.hu\/bay\/wp-content\/uploads\/2017\/11\/H7.jpg 1024w, https:\/\/dureriskola.hu\/bay\/wp-content\/uploads\/2017\/11\/H7-300x225.jpg 300w, https:\/\/dureriskola.hu\/bay\/wp-content\/uploads\/2017\/11\/H7-160x120.jpg 160w\" sizes=\"(max-width: 1024px) 100vw, 1024px\" \/><\/a> <a href=\"http:\/\/dureriskola.hu\/bay\/wp-content\/uploads\/2017\/11\/H6.jpg\"><img decoding=\"async\" loading=\"lazy\" class=\"alignnone size-full wp-image-3770\" src=\"http:\/\/dureriskola.hu\/bay\/wp-content\/uploads\/2017\/11\/H6.jpg\" alt=\"H6\" width=\"1024\" height=\"768\" srcset=\"https:\/\/dureriskola.hu\/bay\/wp-content\/uploads\/2017\/11\/H6.jpg 1024w, https:\/\/dureriskola.hu\/bay\/wp-content\/uploads\/2017\/11\/H6-300x225.jpg 300w, https:\/\/dureriskola.hu\/bay\/wp-content\/uploads\/2017\/11\/H6-160x120.jpg 160w\" sizes=\"(max-width: 1024px) 100vw, 1024px\" \/><\/a> <a href=\"http:\/\/dureriskola.hu\/bay\/wp-content\/uploads\/2017\/11\/H5.jpg\"><img decoding=\"async\" loading=\"lazy\" class=\"alignnone size-full wp-image-3769\" src=\"http:\/\/dureriskola.hu\/bay\/wp-content\/uploads\/2017\/11\/H5.jpg\" alt=\"H5\" width=\"1024\" height=\"768\" srcset=\"https:\/\/dureriskola.hu\/bay\/wp-content\/uploads\/2017\/11\/H5.jpg 1024w, https:\/\/dureriskola.hu\/bay\/wp-content\/uploads\/2017\/11\/H5-300x225.jpg 300w, https:\/\/dureriskola.hu\/bay\/wp-content\/uploads\/2017\/11\/H5-160x120.jpg 160w\" sizes=\"(max-width: 1024px) 100vw, 1024px\" \/><\/a> <a href=\"http:\/\/dureriskola.hu\/bay\/wp-content\/uploads\/2017\/11\/H4.jpg\"><img decoding=\"async\" loading=\"lazy\" class=\"alignnone size-full wp-image-3768\" src=\"http:\/\/dureriskola.hu\/bay\/wp-content\/uploads\/2017\/11\/H4.jpg\" alt=\"H4\" width=\"1024\" height=\"768\" srcset=\"https:\/\/dureriskola.hu\/bay\/wp-content\/uploads\/2017\/11\/H4.jpg 1024w, https:\/\/dureriskola.hu\/bay\/wp-content\/uploads\/2017\/11\/H4-300x225.jpg 300w, https:\/\/dureriskola.hu\/bay\/wp-content\/uploads\/2017\/11\/H4-160x120.jpg 160w\" sizes=\"(max-width: 1024px) 100vw, 1024px\" \/><\/a> <a href=\"http:\/\/dureriskola.hu\/bay\/wp-content\/uploads\/2017\/11\/H3.jpg\"><img decoding=\"async\" loading=\"lazy\" class=\"alignnone size-full wp-image-3767\" src=\"http:\/\/dureriskola.hu\/bay\/wp-content\/uploads\/2017\/11\/H3.jpg\" alt=\"H3\" width=\"1024\" height=\"768\" srcset=\"https:\/\/dureriskola.hu\/bay\/wp-content\/uploads\/2017\/11\/H3.jpg 1024w, https:\/\/dureriskola.hu\/bay\/wp-content\/uploads\/2017\/11\/H3-300x225.jpg 300w, https:\/\/dureriskola.hu\/bay\/wp-content\/uploads\/2017\/11\/H3-160x120.jpg 160w\" sizes=\"(max-width: 1024px) 100vw, 1024px\" \/><\/a> <a href=\"http:\/\/dureriskola.hu\/bay\/wp-content\/uploads\/2017\/11\/H2.jpg\"><img decoding=\"async\" loading=\"lazy\" class=\"alignnone size-full wp-image-3766\" src=\"http:\/\/dureriskola.hu\/bay\/wp-content\/uploads\/2017\/11\/H2.jpg\" alt=\"H2\" width=\"1024\" height=\"768\" srcset=\"https:\/\/dureriskola.hu\/bay\/wp-content\/uploads\/2017\/11\/H2.jpg 1024w, https:\/\/dureriskola.hu\/bay\/wp-content\/uploads\/2017\/11\/H2-300x225.jpg 300w, https:\/\/dureriskola.hu\/bay\/wp-content\/uploads\/2017\/11\/H2-160x120.jpg 160w\" sizes=\"(max-width: 1024px) 100vw, 1024px\" \/><\/a> <a href=\"http:\/\/dureriskola.hu\/bay\/wp-content\/uploads\/2017\/11\/H1.jpg\"><img decoding=\"async\" loading=\"lazy\" class=\"alignnone size-full wp-image-3765\" src=\"http:\/\/dureriskola.hu\/bay\/wp-content\/uploads\/2017\/11\/H1.jpg\" alt=\"H1\" width=\"576\" height=\"768\" srcset=\"https:\/\/dureriskola.hu\/bay\/wp-content\/uploads\/2017\/11\/H1.jpg 576w, https:\/\/dureriskola.hu\/bay\/wp-content\/uploads\/2017\/11\/H1-225x300.jpg 225w\" sizes=\"(max-width: 576px) 100vw, 576px\" \/><\/a><\/span><\/p>\n","protected":false},"excerpt":{"rendered":"<p>Iskol\u00e1nkban Eur\u00f3pai M\u00e9zes Reggelit tartottunk, ahol a gyerekek a helyi m\u00e9h\u00e9szek \u00e1ltal megtermelt m\u00e9zet fogyasztott\u00e1k el j\u00f3 \u00e9tv\u00e1ggyal. Ez a rendezv\u00e9ny az eg\u00e9szs\u00e9ges \u00e9letm\u00f3dot, \u00e9s a reggeli fontoss\u00e1g\u00e1t hangs\u00falyozta, a m\u00e9z eg\u00e9szs\u00e9gre gyakorolt j\u00f3t\u00e9kony hat\u00e1s\u00e1t helyezte a k\u00f6z\u00e9ppontba. \u00a0 A m\u00e9zes reggelit\u00a0m\u00e9zk\u00f3stol\u00e1s \u00e9s \u00e9v m\u00e9ze szavaz\u00e1s\u00a0k\u00f6vette. Majd egy ismeretterjeszt\u0151 kisfilmet\u00a0n\u00e9zt\u00fcnk meg a m\u00e9hek \u00e9let\u00e9r\u0151l, amelyet\u00a0\u00c1rgyel\u00e1n [&hellip;]<\/p>\n","protected":false},"author":1,"featured_media":0,"comment_status":"closed","ping_status":"closed","sticky":false,"template":"","format":"standard","meta":{"footnotes":""},"categories":[1],"tags":[],"_links":{"self":[{"href":"https:\/\/dureriskola.hu\/bay\/index.php?rest_route=\/wp\/v2\/posts\/3772"}],"collection":[{"href":"https:\/\/dureriskola.hu\/bay\/index.php?rest_route=\/wp\/v2\/posts"}],"about":[{"href":"https:\/\/dureriskola.hu\/bay\/index.php?rest_route=\/wp\/v2\/types\/post"}],"author":[{"embeddable":true,"href":"https:\/\/dureriskola.hu\/bay\/index.php?rest_route=\/wp\/v2\/users\/1"}],"replies":[{"embeddable":true,"href":"https:\/\/dureriskola.hu\/bay\/index.php?rest_route=%2Fwp%2Fv2%2Fcomments&post=3772"}],"version-history":[{"count":1,"href":"https:\/\/dureriskola.hu\/bay\/index.php?rest_route=\/wp\/v2\/posts\/3772\/revisions"}],"predecessor-version":[{"id":3773,"href":"https:\/\/dureriskola.hu\/bay\/index.php?rest_route=\/wp\/v2\/posts\/3772\/revisions\/3773"}],"wp:attachment":[{"href":"https:\/\/dureriskola.hu\/bay\/index.php?rest_route=%2Fwp%2Fv2%2Fmedia&parent=3772"}],"wp:term":[{"taxonomy":"category","embeddable":true,"href":"https:\/\/dureriskola.hu\/bay\/index.php?rest_route=%2Fwp%2Fv2%2Fcategories&post=3772"},{"taxonomy":"post_tag","embeddable":true,"href":"https:\/\/dureriskola.hu\/bay\/index.php?rest_route=%2Fwp%2Fv2%2Ftags&post=3772"}],"curies":[{"name":"wp","href":"https:\/\/api.w.org\/{rel}","templated":true}]}}