{"id":3685,"date":"2017-04-25T22:41:57","date_gmt":"2017-04-25T22:41:57","guid":{"rendered":"http:\/\/dureriskola.hu\/bay\/?p=3685"},"modified":"2017-04-29T22:51:50","modified_gmt":"2017-04-29T22:51:50","slug":"vers-es-prozamondo-verseny","status":"publish","type":"post","link":"https:\/\/dureriskola.hu\/bay\/?p=3685","title":{"rendered":"Vers- \u00e9s pr\u00f3zamond\u00f3 verseny"},"content":{"rendered":"<div class=\"fcbkbttn_buttons_block\" id=\"fcbkbttn_left\"><div class=\"fcbkbttn_button\">\n                            <a href=\"https:\/\/www.facebook.com\/\" target=\"_blank\">\n                                <img src=\"https:\/\/dureriskola.hu\/bay\/wp-content\/plugins\/facebook-button-plugin\/images\/standard-facebook-ico.png\" alt=\"Fb-Button\" \/>\n                            <\/a>\n                        <\/div><div class=\"fcbkbttn_like \"><fb:like href=\"https:\/\/dureriskola.hu\/bay\/?p=3685\" action=\"like\" colorscheme=\"dark\" layout=\"standard\" show-faces='false' width=\"225px\" size=\"small\"><\/fb:like><\/div><\/div><p style=\"text-align: center;\">Id\u00e9n m\u00e1rcius 31-\u00e9n rendezt\u00fck meg iskol\u00e1nkban a hagyom\u00e1nny\u00e1 v\u00e1lt vers- \u00e9s pr\u00f3zamond\u00f3 versenyt. Az esem\u00e9nyen 45 als\u00f3s di\u00e1k adott el\u0151 vers vagy pr\u00f3za kateg\u00f3ri\u00e1ban egy kedvenc alkot\u00e1st. A Gyulav\u00e1ri \u00d3vod\u00e1b\u00f3l 10 kis \u00f3vod\u00e1s szint\u00e9n r\u00e9szt vett a megm\u00e9rettet\u00e9sen. A felk\u00e9sz\u00fclt versenyz\u0151k teljes\u00edtm\u00e9ny\u00e9t h\u00e1romtag\u00fa zs\u0171ri \u2013 Kir\u00e1ly S\u00e1ndorn\u00e9, Bogn\u00e1r M\u00e1ria, Toperczer Annam\u00e1ria \u2013 \u00e9rt\u00e9kelte, \u00e9s oklev\u00e9llel, eml\u00e9klappal d\u00edjazta a r\u00e9sztvev\u0151ket. Az 1. helyez\u00e9st el\u00e9rt versenyz\u0151k \u00e9rt\u00e9kes k\u00f6nyvjutalomban r\u00e9szes\u00fcltek, \u0151k k\u00e9pviselik iskol\u00e1nkat a j\u00e1r\u00e1si vers- \u00e9s pr\u00f3zamond\u00f3 versenyen.<\/p>\n<p style=\"text-align: center;\">\u00a0A verseny eredm\u00e9nye:<\/p>\n<h3 style=\"text-align: center;\"><strong>PR\u00d3ZA<\/strong><\/h3>\n<p style=\"text-align: center;\"><strong>K\u00fcl\u00f6nd\u00edj:\u00a0 <\/strong>Albert Kincs\u0151 \/4. oszt\u00e1ly\/<\/p>\n<p style=\"text-align: center;\">\u00a0<strong>1. hely: <\/strong><\/p>\n<ol style=\"text-align: center;\">\n<li>S\u00e9llei T\u00edmea, P\u00e1kozdi Dorina \/1. oszt\u00e1ly\/<\/li>\n<\/ol>\n<p style=\"text-align: center;\">Serf\u0151z\u0151 Bal\u00e1zs, Magyar N\u00f3ra \/ 2. oszt\u00e1ly\/<br \/>\nNyujt\u00f3 P\u00e9ter \/4. oszt\u00e1ly\/<\/p>\n<h3 style=\"text-align: center;\"><strong>VERS<\/strong><\/h3>\n<ol style=\"text-align: center;\">\n<li><strong>1. hely:<\/strong><\/li>\n<li><strong> \u00a0\u00a0<\/strong> Maros\u00e1n Vivien \/1. oszt\u00e1ly\/<\/li>\n<\/ol>\n<p style=\"text-align: center;\">Erd\u0151di Gerg\u0151 \/2. oszt\u00e1ly\/<br \/>\nHorv\u00e1th Fanni \/3. oszt\u00e1ly\/<br \/>\nLendvai Levente \/4. oszt\u00e1ly\/<\/p>\n<p style=\"text-align: center;\">\u00a0<strong>2. hely<\/strong><\/p>\n<ol style=\"text-align: center;\" start=\"2\">\n<li>\u00a0\u00a0\u00a0 Szab\u00f3 Bori \/1. oszt\u00e1ly\/<\/li>\n<\/ol>\n<p style=\"text-align: center;\">Braun M\u00e1t\u00e9 \/2. oszt\u00e1ly\/<br \/>\nSeres Anna \/3. oszt\u00e1ly\/<br \/>\nPapp J\u00f3zsef \/4. oszt\u00e1ly\/<\/p>\n<ol style=\"text-align: center;\" start=\"3\">\n<li><strong> 3. hely:<\/strong><\/li>\n<li><strong>\u00a0\u00a0 <\/strong>Borsos Gr\u00e9ta, Nagy csaba \/1. oszt\u00e1ly\/<\/li>\n<\/ol>\n<p style=\"text-align: center;\">Balogh Hajnalka, Lov\u00e1sz Izabella \/2. oszt\u00e1ly\/<br \/>\nPintye Em\u00edlia \/3. oszt\u00e1ly\/<br \/>\nNagy B\u00e1lint, S\u00e1rosi M\u00e1rk, Serf\u0151z\u0151 M\u00e1t\u00e9 \/4. oszt\u00e1ly\/<\/p>\n<p style=\"text-align: center;\"><a href=\"http:\/\/dureriskola.hu\/bay\/wp-content\/uploads\/2017\/04\/VP01.jpg\"><img decoding=\"async\" loading=\"lazy\" class=\"alignnone size-full wp-image-3683\" src=\"http:\/\/dureriskola.hu\/bay\/wp-content\/uploads\/2017\/04\/VP01.jpg\" alt=\"VP01\" width=\"960\" height=\"540\" srcset=\"https:\/\/dureriskola.hu\/bay\/wp-content\/uploads\/2017\/04\/VP01.jpg 960w, https:\/\/dureriskola.hu\/bay\/wp-content\/uploads\/2017\/04\/VP01-300x169.jpg 300w\" sizes=\"(max-width: 960px) 100vw, 960px\" \/><\/a> <a href=\"http:\/\/dureriskola.hu\/bay\/wp-content\/uploads\/2017\/04\/VP02.jpg\"><img decoding=\"async\" loading=\"lazy\" class=\"alignnone size-full wp-image-3684\" src=\"http:\/\/dureriskola.hu\/bay\/wp-content\/uploads\/2017\/04\/VP02.jpg\" alt=\"VP02\" width=\"960\" height=\"540\" srcset=\"https:\/\/dureriskola.hu\/bay\/wp-content\/uploads\/2017\/04\/VP02.jpg 960w, https:\/\/dureriskola.hu\/bay\/wp-content\/uploads\/2017\/04\/VP02-300x169.jpg 300w\" sizes=\"(max-width: 960px) 100vw, 960px\" \/><\/a><\/p>\n","protected":false},"excerpt":{"rendered":"<p>Id\u00e9n m\u00e1rcius 31-\u00e9n rendezt\u00fck meg iskol\u00e1nkban a hagyom\u00e1nny\u00e1 v\u00e1lt vers- \u00e9s pr\u00f3zamond\u00f3 versenyt. Az esem\u00e9nyen 45 als\u00f3s di\u00e1k adott el\u0151 vers vagy pr\u00f3za kateg\u00f3ri\u00e1ban egy kedvenc alkot\u00e1st. A Gyulav\u00e1ri \u00d3vod\u00e1b\u00f3l 10 kis \u00f3vod\u00e1s szint\u00e9n r\u00e9szt vett a megm\u00e9rettet\u00e9sen. A felk\u00e9sz\u00fclt versenyz\u0151k teljes\u00edtm\u00e9ny\u00e9t h\u00e1romtag\u00fa zs\u0171ri \u2013 Kir\u00e1ly S\u00e1ndorn\u00e9, Bogn\u00e1r M\u00e1ria, Toperczer Annam\u00e1ria \u2013 \u00e9rt\u00e9kelte, \u00e9s oklev\u00e9llel, [&hellip;]<\/p>\n","protected":false},"author":1,"featured_media":0,"comment_status":"closed","ping_status":"closed","sticky":false,"template":"","format":"standard","meta":{"footnotes":""},"categories":[1],"tags":[],"_links":{"self":[{"href":"https:\/\/dureriskola.hu\/bay\/index.php?rest_route=\/wp\/v2\/posts\/3685"}],"collection":[{"href":"https:\/\/dureriskola.hu\/bay\/index.php?rest_route=\/wp\/v2\/posts"}],"about":[{"href":"https:\/\/dureriskola.hu\/bay\/index.php?rest_route=\/wp\/v2\/types\/post"}],"author":[{"embeddable":true,"href":"https:\/\/dureriskola.hu\/bay\/index.php?rest_route=\/wp\/v2\/users\/1"}],"replies":[{"embeddable":true,"href":"https:\/\/dureriskola.hu\/bay\/index.php?rest_route=%2Fwp%2Fv2%2Fcomments&post=3685"}],"version-history":[{"count":3,"href":"https:\/\/dureriskola.hu\/bay\/index.php?rest_route=\/wp\/v2\/posts\/3685\/revisions"}],"predecessor-version":[{"id":3688,"href":"https:\/\/dureriskola.hu\/bay\/index.php?rest_route=\/wp\/v2\/posts\/3685\/revisions\/3688"}],"wp:attachment":[{"href":"https:\/\/dureriskola.hu\/bay\/index.php?rest_route=%2Fwp%2Fv2%2Fmedia&parent=3685"}],"wp:term":[{"taxonomy":"category","embeddable":true,"href":"https:\/\/dureriskola.hu\/bay\/index.php?rest_route=%2Fwp%2Fv2%2Fcategories&post=3685"},{"taxonomy":"post_tag","embeddable":true,"href":"https:\/\/dureriskola.hu\/bay\/index.php?rest_route=%2Fwp%2Fv2%2Ftags&post=3685"}],"curies":[{"name":"wp","href":"https:\/\/api.w.org\/{rel}","templated":true}]}}