{"id":3529,"date":"2016-05-23T19:28:37","date_gmt":"2016-05-23T19:28:37","guid":{"rendered":"http:\/\/dureriskola.hu\/bay\/?p=3529"},"modified":"2016-05-23T19:28:37","modified_gmt":"2016-05-23T19:28:37","slug":"latogatas-az-erkel-ferenc-emlekhazban","status":"publish","type":"post","link":"https:\/\/dureriskola.hu\/bay\/?p=3529","title":{"rendered":"L\u00e1togat\u00e1s az Erkel Ferenc Eml\u00e9kh\u00e1zban"},"content":{"rendered":"<div class=\"fcbkbttn_buttons_block\" id=\"fcbkbttn_left\"><div class=\"fcbkbttn_button\">\n                            <a href=\"https:\/\/www.facebook.com\/\" target=\"_blank\">\n                                <img src=\"https:\/\/dureriskola.hu\/bay\/wp-content\/plugins\/facebook-button-plugin\/images\/standard-facebook-ico.png\" alt=\"Fb-Button\" \/>\n                            <\/a>\n                        <\/div><div class=\"fcbkbttn_like \"><fb:like href=\"https:\/\/dureriskola.hu\/bay\/?p=3529\" action=\"like\" colorscheme=\"dark\" layout=\"standard\" show-faces='false' width=\"225px\" size=\"small\"><\/fb:like><\/div><\/div><p style=\"text-align: center;\">A harmadikosok, \u00e9s h\u00e1rom, \u00f6t\u00f6dikes di\u00e1k m\u00e1jus 18-\u00e1n az Erkel Ferenc Eml\u00e9kh\u00e1zban j\u00e1rtak.<\/p>\n<p style=\"text-align: center;\">Erkel Ferenc sz\u00fcl\u0151h\u00e1z\u00e1ban berendezett eml\u00e9km\u00fazeum teljesen fel\u00fajult, kib\u0151v\u00fclt. Az \u00faj eml\u00e9kh\u00e1z 2011. m\u00e1jus 18-\u00e1n ker\u00fclt \u00e1tad\u00e1sra. Az \u00e1tad\u00e1s \u00f6t \u00e9ves \u00e9vfordul\u00f3ja alkalm\u00e1b\u00f3l a m\u00fazeum ingyenesen megtekinthet\u0151 volt.<\/p>\n<p style=\"text-align: center;\">A ki\u00e1ll\u00edt\u00e1s megtekint\u00e9se el\u0151tt t\u00e1j\u00e9koztat\u00e1st kaptunk az eml\u00e9kh\u00e1z t\u00f6rt\u00e9net\u00e9r\u0151l, majd a himnuszfal el\u0151tt meghallgattuk a Himnuszt. A termek v\u00e9gigj\u00e1r\u00e1sa sor\u00e1n a gyerekek megismerkedhettek az Erkel csal\u00e1d \u00e9let\u00e9vel \u00e9s munk\u00e1ss\u00e1g\u00e1val. Bepillanthattak az akkori \u00e9letk\u00f6r\u00fclm\u00e9nyekbe, v\u00e9gigk\u00eds\u00e9rhett\u00e9k a zeneszerz\u0151 \u00e9let\u00fatj\u00e1t, zenei tev\u00e9kenys\u00e9g\u00e9t is.<\/p>\n<p style=\"text-align: center;\">Legnagyobb sikert aratta a 19. sz\u00e1zadi tanterem, ahol a gyerekek be\u00fcltek az iskolapadba. Az oszt\u00e1lyteremben l\u00e9v\u0151 interakt\u00edv sarokban pedig korabeli feladatok megold\u00e1s\u00e1ra is volt lehet\u0151s\u00e9g\u00fck, kipr\u00f3b\u00e1lhatt\u00e1k az udvaron fel\u00e1ll\u00edtott nagym\u00e9ret\u0171 sakkt\u00e1bl\u00e1t is.<\/p>\n<p style=\"text-align: center;\">V\u00e9g\u00fcl a k\u00f6zeli j\u00e1tsz\u00f3t\u00e9ren \u00e9lvezhett\u00e9k az \u00e9rdekes j\u00e1t\u00e9kok \u00e9s a j\u00f3 id\u0151 \u00f6r\u00f6meit.<\/p>\n<p style=\"text-align: center;\">\n<p style=\"text-align: center;\">Gyula, 2016. m\u00e1jus 20.<\/p>\n<p style=\"text-align: center;\"><a href=\"http:\/\/dureriskola.hu\/bay\/wp-content\/uploads\/2016\/05\/LE-01.jpg\"><img decoding=\"async\" loading=\"lazy\" class=\"alignnone size-full wp-image-3526\" src=\"http:\/\/dureriskola.hu\/bay\/wp-content\/uploads\/2016\/05\/LE-01.jpg\" alt=\"LE-01\" width=\"1024\" height=\"768\" srcset=\"https:\/\/dureriskola.hu\/bay\/wp-content\/uploads\/2016\/05\/LE-01.jpg 1024w, https:\/\/dureriskola.hu\/bay\/wp-content\/uploads\/2016\/05\/LE-01-300x225.jpg 300w, https:\/\/dureriskola.hu\/bay\/wp-content\/uploads\/2016\/05\/LE-01-160x120.jpg 160w\" sizes=\"(max-width: 1024px) 100vw, 1024px\" \/><\/a> <a href=\"http:\/\/dureriskola.hu\/bay\/wp-content\/uploads\/2016\/05\/LE-02.jpg\"><img decoding=\"async\" loading=\"lazy\" class=\"alignnone size-full wp-image-3527\" src=\"http:\/\/dureriskola.hu\/bay\/wp-content\/uploads\/2016\/05\/LE-02.jpg\" alt=\"LE-02\" width=\"1024\" height=\"768\" srcset=\"https:\/\/dureriskola.hu\/bay\/wp-content\/uploads\/2016\/05\/LE-02.jpg 1024w, https:\/\/dureriskola.hu\/bay\/wp-content\/uploads\/2016\/05\/LE-02-300x225.jpg 300w, https:\/\/dureriskola.hu\/bay\/wp-content\/uploads\/2016\/05\/LE-02-160x120.jpg 160w\" sizes=\"(max-width: 1024px) 100vw, 1024px\" \/><\/a> <a href=\"http:\/\/dureriskola.hu\/bay\/wp-content\/uploads\/2016\/05\/LE-03.jpg\"><img decoding=\"async\" loading=\"lazy\" class=\"alignnone size-full wp-image-3528\" src=\"http:\/\/dureriskola.hu\/bay\/wp-content\/uploads\/2016\/05\/LE-03.jpg\" alt=\"LE-03\" width=\"1024\" height=\"768\" srcset=\"https:\/\/dureriskola.hu\/bay\/wp-content\/uploads\/2016\/05\/LE-03.jpg 1024w, https:\/\/dureriskola.hu\/bay\/wp-content\/uploads\/2016\/05\/LE-03-300x225.jpg 300w, https:\/\/dureriskola.hu\/bay\/wp-content\/uploads\/2016\/05\/LE-03-160x120.jpg 160w\" sizes=\"(max-width: 1024px) 100vw, 1024px\" \/><\/a><\/p>\n","protected":false},"excerpt":{"rendered":"<p>A harmadikosok, \u00e9s h\u00e1rom, \u00f6t\u00f6dikes di\u00e1k m\u00e1jus 18-\u00e1n az Erkel Ferenc Eml\u00e9kh\u00e1zban j\u00e1rtak. Erkel Ferenc sz\u00fcl\u0151h\u00e1z\u00e1ban berendezett eml\u00e9km\u00fazeum teljesen fel\u00fajult, kib\u0151v\u00fclt. Az \u00faj eml\u00e9kh\u00e1z 2011. m\u00e1jus 18-\u00e1n ker\u00fclt \u00e1tad\u00e1sra. Az \u00e1tad\u00e1s \u00f6t \u00e9ves \u00e9vfordul\u00f3ja alkalm\u00e1b\u00f3l a m\u00fazeum ingyenesen megtekinthet\u0151 volt. A ki\u00e1ll\u00edt\u00e1s megtekint\u00e9se el\u0151tt t\u00e1j\u00e9koztat\u00e1st kaptunk az eml\u00e9kh\u00e1z t\u00f6rt\u00e9net\u00e9r\u0151l, majd a himnuszfal el\u0151tt meghallgattuk a [&hellip;]<\/p>\n","protected":false},"author":1,"featured_media":0,"comment_status":"closed","ping_status":"closed","sticky":false,"template":"","format":"standard","meta":{"footnotes":""},"categories":[1],"tags":[],"_links":{"self":[{"href":"https:\/\/dureriskola.hu\/bay\/index.php?rest_route=\/wp\/v2\/posts\/3529"}],"collection":[{"href":"https:\/\/dureriskola.hu\/bay\/index.php?rest_route=\/wp\/v2\/posts"}],"about":[{"href":"https:\/\/dureriskola.hu\/bay\/index.php?rest_route=\/wp\/v2\/types\/post"}],"author":[{"embeddable":true,"href":"https:\/\/dureriskola.hu\/bay\/index.php?rest_route=\/wp\/v2\/users\/1"}],"replies":[{"embeddable":true,"href":"https:\/\/dureriskola.hu\/bay\/index.php?rest_route=%2Fwp%2Fv2%2Fcomments&post=3529"}],"version-history":[{"count":1,"href":"https:\/\/dureriskola.hu\/bay\/index.php?rest_route=\/wp\/v2\/posts\/3529\/revisions"}],"predecessor-version":[{"id":3530,"href":"https:\/\/dureriskola.hu\/bay\/index.php?rest_route=\/wp\/v2\/posts\/3529\/revisions\/3530"}],"wp:attachment":[{"href":"https:\/\/dureriskola.hu\/bay\/index.php?rest_route=%2Fwp%2Fv2%2Fmedia&parent=3529"}],"wp:term":[{"taxonomy":"category","embeddable":true,"href":"https:\/\/dureriskola.hu\/bay\/index.php?rest_route=%2Fwp%2Fv2%2Fcategories&post=3529"},{"taxonomy":"post_tag","embeddable":true,"href":"https:\/\/dureriskola.hu\/bay\/index.php?rest_route=%2Fwp%2Fv2%2Ftags&post=3529"}],"curies":[{"name":"wp","href":"https:\/\/api.w.org\/{rel}","templated":true}]}}