{"id":3524,"date":"2016-05-23T19:21:09","date_gmt":"2016-05-23T19:21:09","guid":{"rendered":"http:\/\/dureriskola.hu\/bay\/?p=3524"},"modified":"2016-05-23T19:21:09","modified_gmt":"2016-05-23T19:21:09","slug":"anyak-napja-az-idoseknel","status":"publish","type":"post","link":"https:\/\/dureriskola.hu\/bay\/?p=3524","title":{"rendered":"Any\u00e1k napja az id\u0151sekn\u00e9l"},"content":{"rendered":"<div class=\"fcbkbttn_buttons_block\" id=\"fcbkbttn_left\"><div class=\"fcbkbttn_button\">\n                            <a href=\"https:\/\/www.facebook.com\/\" target=\"_blank\">\n                                <img src=\"https:\/\/dureriskola.hu\/bay\/wp-content\/plugins\/facebook-button-plugin\/images\/standard-facebook-ico.png\" alt=\"Fb-Button\" \/>\n                            <\/a>\n                        <\/div><div class=\"fcbkbttn_like \"><fb:like href=\"https:\/\/dureriskola.hu\/bay\/?p=3524\" action=\"like\" colorscheme=\"dark\" layout=\"standard\" show-faces='false' width=\"225px\" size=\"small\"><\/fb:like><\/div><\/div><p style=\"text-align: center;\">A hagyom\u00e1nyokhoz h\u00edven a 3.a oszt\u00e1ly id\u00e9n m\u00e1jusban is ell\u00e1togatott az id\u0151sek otthon\u00e1ba.<\/p>\n<p style=\"text-align: center;\">Az otthon lak\u00f3i k\u00f6z\u00fcl sokan teljesen egyed\u00fcl vannak, nincs l\u00e1togat\u00f3juk. \u00cdgy nagyon v\u00e1rt\u00e1k m\u00e1r a gyerekek k\u00f6sz\u00f6nt\u0151 m\u0171sor\u00e1t, akik nagy szeretettel k\u00e9sz\u00fcltek erre a napra. Aj\u00e1nd\u00e9kokat k\u00e9sz\u00edtettek, verseket, dalokat tanultak.<\/p>\n<p style=\"text-align: center;\">Az \u00fcnneps\u00e9g el\u0151tt a vezet\u0151n\u0151 mondott kedves, \u00fcdv\u00f6zl\u0151 szavakat. Ezut\u00e1n k\u00f6vetkezett a m\u0171sor, amely meghat\u00f3ra \u00e9s egyben nagyon hangulatosra siker\u00fclt. M\u00e9g r\u00e1ad\u00e1st is k\u00e9rtek az id\u0151sek, mert nagyon tetszett nekik a Testv\u00e9rk\u00e9k c\u00edm\u0171 jelenet. Az el\u0151ad\u00e1s ut\u00e1n k\u00f6vetkezett a sok finom falat, besz\u00e9lget\u00e9s. Nagyon j\u00f3l siker\u00fclt ez a d\u00e9lut\u00e1n, j\u00f6v\u0151re is megy\u00fcnk!<\/p>\n<p>\u00a0<a href=\"http:\/\/dureriskola.hu\/bay\/wp-content\/uploads\/2016\/05\/i1.jpg\"><img decoding=\"async\" loading=\"lazy\" class=\"alignnone size-full wp-image-3518\" src=\"http:\/\/dureriskola.hu\/bay\/wp-content\/uploads\/2016\/05\/i1.jpg\" alt=\"i1\" width=\"716\" height=\"960\" srcset=\"https:\/\/dureriskola.hu\/bay\/wp-content\/uploads\/2016\/05\/i1.jpg 716w, https:\/\/dureriskola.hu\/bay\/wp-content\/uploads\/2016\/05\/i1-224x300.jpg 224w\" sizes=\"(max-width: 716px) 100vw, 716px\" \/><\/a> <a href=\"http:\/\/dureriskola.hu\/bay\/wp-content\/uploads\/2016\/05\/i2.jpg\"><img decoding=\"async\" loading=\"lazy\" class=\"alignnone size-full wp-image-3519\" src=\"http:\/\/dureriskola.hu\/bay\/wp-content\/uploads\/2016\/05\/i2.jpg\" alt=\"i2\" width=\"960\" height=\"716\" srcset=\"https:\/\/dureriskola.hu\/bay\/wp-content\/uploads\/2016\/05\/i2.jpg 960w, https:\/\/dureriskola.hu\/bay\/wp-content\/uploads\/2016\/05\/i2-300x224.jpg 300w, https:\/\/dureriskola.hu\/bay\/wp-content\/uploads\/2016\/05\/i2-160x120.jpg 160w\" sizes=\"(max-width: 960px) 100vw, 960px\" \/><\/a><\/p>\n","protected":false},"excerpt":{"rendered":"<p>A hagyom\u00e1nyokhoz h\u00edven a 3.a oszt\u00e1ly id\u00e9n m\u00e1jusban is ell\u00e1togatott az id\u0151sek otthon\u00e1ba. Az otthon lak\u00f3i k\u00f6z\u00fcl sokan teljesen egyed\u00fcl vannak, nincs l\u00e1togat\u00f3juk. \u00cdgy nagyon v\u00e1rt\u00e1k m\u00e1r a gyerekek k\u00f6sz\u00f6nt\u0151 m\u0171sor\u00e1t, akik nagy szeretettel k\u00e9sz\u00fcltek erre a napra. Aj\u00e1nd\u00e9kokat k\u00e9sz\u00edtettek, verseket, dalokat tanultak. Az \u00fcnneps\u00e9g el\u0151tt a vezet\u0151n\u0151 mondott kedves, \u00fcdv\u00f6zl\u0151 szavakat. Ezut\u00e1n k\u00f6vetkezett a [&hellip;]<\/p>\n","protected":false},"author":1,"featured_media":0,"comment_status":"closed","ping_status":"closed","sticky":false,"template":"","format":"standard","meta":{"footnotes":""},"categories":[1],"tags":[],"_links":{"self":[{"href":"https:\/\/dureriskola.hu\/bay\/index.php?rest_route=\/wp\/v2\/posts\/3524"}],"collection":[{"href":"https:\/\/dureriskola.hu\/bay\/index.php?rest_route=\/wp\/v2\/posts"}],"about":[{"href":"https:\/\/dureriskola.hu\/bay\/index.php?rest_route=\/wp\/v2\/types\/post"}],"author":[{"embeddable":true,"href":"https:\/\/dureriskola.hu\/bay\/index.php?rest_route=\/wp\/v2\/users\/1"}],"replies":[{"embeddable":true,"href":"https:\/\/dureriskola.hu\/bay\/index.php?rest_route=%2Fwp%2Fv2%2Fcomments&post=3524"}],"version-history":[{"count":1,"href":"https:\/\/dureriskola.hu\/bay\/index.php?rest_route=\/wp\/v2\/posts\/3524\/revisions"}],"predecessor-version":[{"id":3525,"href":"https:\/\/dureriskola.hu\/bay\/index.php?rest_route=\/wp\/v2\/posts\/3524\/revisions\/3525"}],"wp:attachment":[{"href":"https:\/\/dureriskola.hu\/bay\/index.php?rest_route=%2Fwp%2Fv2%2Fmedia&parent=3524"}],"wp:term":[{"taxonomy":"category","embeddable":true,"href":"https:\/\/dureriskola.hu\/bay\/index.php?rest_route=%2Fwp%2Fv2%2Fcategories&post=3524"},{"taxonomy":"post_tag","embeddable":true,"href":"https:\/\/dureriskola.hu\/bay\/index.php?rest_route=%2Fwp%2Fv2%2Ftags&post=3524"}],"curies":[{"name":"wp","href":"https:\/\/api.w.org\/{rel}","templated":true}]}}