{"id":3515,"date":"2016-05-09T16:20:11","date_gmt":"2016-05-09T16:20:11","guid":{"rendered":"http:\/\/dureriskola.hu\/bay\/?p=3515"},"modified":"2016-05-09T16:20:11","modified_gmt":"2016-05-09T16:20:11","slug":"iskolai-kozlekedesi-verseny","status":"publish","type":"post","link":"https:\/\/dureriskola.hu\/bay\/?p=3515","title":{"rendered":"Iskolai k\u00f6zleked\u00e9si verseny"},"content":{"rendered":"<div class=\"fcbkbttn_buttons_block\" id=\"fcbkbttn_left\"><div class=\"fcbkbttn_button\">\n                            <a href=\"https:\/\/www.facebook.com\/\" target=\"_blank\">\n                                <img src=\"https:\/\/dureriskola.hu\/bay\/wp-content\/plugins\/facebook-button-plugin\/images\/standard-facebook-ico.png\" alt=\"Fb-Button\" \/>\n                            <\/a>\n                        <\/div><div class=\"fcbkbttn_like \"><fb:like href=\"https:\/\/dureriskola.hu\/bay\/?p=3515\" action=\"like\" colorscheme=\"dark\" layout=\"standard\" show-faces='false' width=\"225px\" size=\"small\"><\/fb:like><\/div><\/div><div style=\"text-align: center;\">\u00c1prilis 28-\u00e1n ker\u00e9kp\u00e1ros \u00fcgyess\u00e9gi versenyt szervezt\u00fcnk az iskol\u00e1ban. Baloghn\u00e9 Szab\u00f3 D\u00f3ra rend\u0151r \u0151rmester vezet\u00e9s\u00e9vel.<\/div>\n<div style=\"text-align: center;\">Az als\u00f3sok sz\u00e9p sz\u00e1mmal vettek r\u00e9szt a megm\u00e9rettet\u00e9sen.<\/div>\n<div style=\"text-align: center;\"><\/div>\n<div style=\"text-align: center;\">Helyez\u00e9sek 1-3. oszt\u00e1ly:<\/div>\n<div style=\"text-align: center;\"><\/div>\n<div style=\"text-align: center;\">Fi\u00fak:<\/div>\n<div style=\"text-align: center;\"><strong>I.\u00a0 Erd\u0151di Gerg\u0151 1.a<\/strong><\/div>\n<div style=\"text-align: center;\"><strong>II. Sz\u0171cs Zal\u00e1n 2. a<\/strong><\/div>\n<div style=\"text-align: center;\"><strong>III. Veres Bence 3.b<\/strong><\/div>\n<div style=\"text-align: center;\"><\/div>\n<div style=\"text-align: center;\">L\u00e1nyok:<\/div>\n<div style=\"text-align: center;\"><strong>I. Horv\u00e1th Laura 3.a<\/strong><\/div>\n<div style=\"text-align: center;\"><strong>II. Horv\u00e1th Fanni 2.a<\/strong><\/div>\n<div style=\"text-align: center;\"><strong>III. Horv\u00e1th Csenge 3.b<\/strong><\/div>\n<div style=\"text-align: center;\"><\/div>\n<div style=\"text-align: center;\"><\/div>\n<div style=\"text-align: center;\"><\/div>\n<div style=\"text-align: center;\">A negyedik oszt\u00e1ly teljes l\u00e9tsz\u00e1mmal nehez\u00edtett p\u00e1ly\u00e1n versenyzett, hiszen m\u00e1jusban r\u00e9szt vesznek a Zebra Akad\u00e9mia vizsg\u00e1j\u00e1n.<\/div>\n<div style=\"text-align: center;\"><\/div>\n<div style=\"text-align: center;\">Helyez\u00e9sek 4. oszt\u00e1ly:<\/div>\n<div style=\"text-align: center;\"><\/div>\n<div style=\"text-align: center;\">L\u00e1nyok:<\/div>\n<div style=\"text-align: center;\"><strong>I. Balog Rebeka<\/strong><\/div>\n<div style=\"text-align: center;\"><strong>II. Hack Fanni<\/strong><\/div>\n<div style=\"text-align: center;\"><strong>III. Kis Petra S\u00e1ra<\/strong><\/div>\n<div style=\"text-align: center;\"><\/div>\n<div style=\"text-align: center;\">Fi\u00fak:<\/div>\n<div style=\"text-align: center;\"><strong>I. Lov\u00e1sz J\u00e1nos<\/strong><\/div>\n<div style=\"text-align: center;\"><strong>II. Ferenczi Levente<\/strong><\/div>\n<div style=\"text-align: center;\"><strong>III. Balog Mih\u00e1ly M\u00e1rk\u00f3<\/strong><\/div>\n<div style=\"text-align: center;\"><\/div>\n<div style=\"text-align: center;\">Minden versenyz\u0151 \u00e9dess\u00e9get kapott az iskol\u00e1nk alap\u00edtv\u00e1ny\u00e1t\u00f3l.<\/div>\n<div style=\"text-align: center;\">A helyezettek pedig sz\u00e9p jutalomban r\u00e9szes\u00fcltek a rend\u0151rs\u00e9g j\u00f3volt\u00e1b\u00f3l.<\/div>\n<div style=\"text-align: center;\">K\u00f6sz\u00f6nj\u00fck!<\/div>\n<div style=\"text-align: center;\"><\/div>\n<div style=\"text-align: center;\"><\/div>\n<div style=\"text-align: center;\">Gyula, 2016. m\u00e1jus 9.\u00a0\u00a0\u00a0\u00a0\u00a0\u00a0\u00a0\u00a0\u00a0\u00a0\u00a0\u00a0\u00a0\u00a0\u00a0\u00a0\u00a0\u00a0\u00a0 \u00a0 \u00a0 \u00a0 \u00a0 \u00a0 \u00a0 \u00a0 \u00a0 \u00a0 \u00a0 \u00a0 \u00a0 \u00a0 \u00a0 \u00a0 \u00a0 \u00a0 \u00a0\u00a0 \u00a0\u00a0\u00a0\u00a0\u00a0\u00a0 <wbr \/>\u00a0\u00a0\u00a0\u00a0\u00a0\u00a0\u00a0\u00a0\u00a0\u00a0\u00a0\u00a0\u00a0\u00a0\u00a0\u00a0\u00a0\u00a0\u00a0\u00a0\u00a0\u00a0\u00a0\u00a0\u00a0\u00a0\u00a0\u00a0\u00a0\u00a0<wbr \/>\u00a0\u00a0\u00a0\u00a0\u00a0\u00a0\u00a0\u00a0\u00a0\u00a0\u00a0\u00a0\u00a0\u00a0\u00a0\u00a0\u00a0\u00a0\u00a0\u00a0\u00a0\u00a0\u00a0\u00a0 \u00c1rgyel\u00e1n L\u00e1szl\u00f3n\u00e9<\/div>\n","protected":false},"excerpt":{"rendered":"<p>\u00c1prilis 28-\u00e1n ker\u00e9kp\u00e1ros \u00fcgyess\u00e9gi versenyt szervezt\u00fcnk az iskol\u00e1ban. Baloghn\u00e9 Szab\u00f3 D\u00f3ra rend\u0151r \u0151rmester vezet\u00e9s\u00e9vel. Az als\u00f3sok sz\u00e9p sz\u00e1mmal vettek r\u00e9szt a megm\u00e9rettet\u00e9sen. Helyez\u00e9sek 1-3. oszt\u00e1ly: Fi\u00fak: I.\u00a0 Erd\u0151di Gerg\u0151 1.a II. Sz\u0171cs Zal\u00e1n 2. a III. Veres Bence 3.b L\u00e1nyok: I. Horv\u00e1th Laura 3.a II. Horv\u00e1th Fanni 2.a III. Horv\u00e1th Csenge 3.b A negyedik oszt\u00e1ly [&hellip;]<\/p>\n","protected":false},"author":1,"featured_media":0,"comment_status":"closed","ping_status":"closed","sticky":false,"template":"","format":"standard","meta":{"footnotes":""},"categories":[1],"tags":[],"_links":{"self":[{"href":"https:\/\/dureriskola.hu\/bay\/index.php?rest_route=\/wp\/v2\/posts\/3515"}],"collection":[{"href":"https:\/\/dureriskola.hu\/bay\/index.php?rest_route=\/wp\/v2\/posts"}],"about":[{"href":"https:\/\/dureriskola.hu\/bay\/index.php?rest_route=\/wp\/v2\/types\/post"}],"author":[{"embeddable":true,"href":"https:\/\/dureriskola.hu\/bay\/index.php?rest_route=\/wp\/v2\/users\/1"}],"replies":[{"embeddable":true,"href":"https:\/\/dureriskola.hu\/bay\/index.php?rest_route=%2Fwp%2Fv2%2Fcomments&post=3515"}],"version-history":[{"count":1,"href":"https:\/\/dureriskola.hu\/bay\/index.php?rest_route=\/wp\/v2\/posts\/3515\/revisions"}],"predecessor-version":[{"id":3516,"href":"https:\/\/dureriskola.hu\/bay\/index.php?rest_route=\/wp\/v2\/posts\/3515\/revisions\/3516"}],"wp:attachment":[{"href":"https:\/\/dureriskola.hu\/bay\/index.php?rest_route=%2Fwp%2Fv2%2Fmedia&parent=3515"}],"wp:term":[{"taxonomy":"category","embeddable":true,"href":"https:\/\/dureriskola.hu\/bay\/index.php?rest_route=%2Fwp%2Fv2%2Fcategories&post=3515"},{"taxonomy":"post_tag","embeddable":true,"href":"https:\/\/dureriskola.hu\/bay\/index.php?rest_route=%2Fwp%2Fv2%2Ftags&post=3515"}],"curies":[{"name":"wp","href":"https:\/\/api.w.org\/{rel}","templated":true}]}}