{"id":3513,"date":"2016-05-09T16:17:19","date_gmt":"2016-05-09T16:17:19","guid":{"rendered":"http:\/\/dureriskola.hu\/bay\/?p=3513"},"modified":"2016-05-09T16:17:19","modified_gmt":"2016-05-09T16:17:19","slug":"futoverseny-2","status":"publish","type":"post","link":"https:\/\/dureriskola.hu\/bay\/?p=3513","title":{"rendered":"Fut\u00f3verseny"},"content":{"rendered":"<div class=\"fcbkbttn_buttons_block\" id=\"fcbkbttn_left\"><div class=\"fcbkbttn_button\">\n                            <a href=\"https:\/\/www.facebook.com\/\" target=\"_blank\">\n                                <img src=\"https:\/\/dureriskola.hu\/bay\/wp-content\/plugins\/facebook-button-plugin\/images\/standard-facebook-ico.png\" alt=\"Fb-Button\" \/>\n                            <\/a>\n                        <\/div><div class=\"fcbkbttn_like \"><fb:like href=\"https:\/\/dureriskola.hu\/bay\/?p=3513\" action=\"like\" colorscheme=\"dark\" layout=\"standard\" show-faces='false' width=\"225px\" size=\"small\"><\/fb:like><\/div><\/div><div style=\"text-align: center;\">Az \u0151szi megyei fordul\u00f3t k\u00f6vet\u0151en \u00e1prilis 5-\u00e9n, G\u00f6d\u00f6ll\u0151n ker\u00fclt megrendez\u00e9sre az orsz\u00e1gos bajnoks\u00e1g.<\/div>\n<div style=\"text-align: center;\">Itt <strong>Kis Petra S\u00e1ra<\/strong> 4. oszt\u00e1lyos tanul\u00f3 a n\u00e9pes mez\u0151nyben az el\u0151kel\u0151 20. helyez\u00e9st \u00e9rte el.<\/div>\n<div style=\"text-align: center;\">Gratul\u00e1lunk, \u00e9s tov\u00e1bbi sz\u00e9p eredm\u00e9nyt k\u00edv\u00e1nunk!<\/div>\n<div style=\"text-align: center;\"><\/div>\n<div style=\"text-align: center;\"><\/div>\n<div style=\"text-align: center;\"><\/div>\n<div style=\"text-align: center;\">Gyula, 2016. m\u00e1jus 9.\u00a0\u00a0\u00a0\u00a0\u00a0\u00a0\u00a0\u00a0\u00a0\u00a0\u00a0\u00a0\u00a0\u00a0\u00a0\u00a0\u00a0\u00a0\u00a0\u00a0\u00a0\u00a0\u00a0 \u00a0 \u00a0 \u00a0 \u00a0 \u00a0 \u00a0 \u00a0 \u00a0 \u00a0 \u00a0 \u00a0 \u00a0 \u00a0 \u00a0 \u00a0 \u00a0 \u00a0 \u00a0 \u00a0 \u00a0 \u00a0 \u00a0 \u00a0 \u00a0 \u00a0 \u00a0 \u00a0 \u00a0\u00a0 <wbr \/>\u00a0\u00a0\u00a0\u00a0\u00a0\u00a0\u00a0\u00a0\u00a0\u00a0\u00a0\u00a0\u00a0\u00a0\u00a0\u00a0\u00a0\u00a0\u00a0\u00a0\u00a0\u00a0\u00a0\u00a0\u00a0\u00a0\u00a0\u00a0\u00a0\u00a0<wbr \/>\u00a0\u00a0\u00a0\u00a0\u00a0 Nagyn\u00e9 Ol\u00e1h \u00c9va<\/div>\n","protected":false},"excerpt":{"rendered":"<p>Az \u0151szi megyei fordul\u00f3t k\u00f6vet\u0151en \u00e1prilis 5-\u00e9n, G\u00f6d\u00f6ll\u0151n ker\u00fclt megrendez\u00e9sre az orsz\u00e1gos bajnoks\u00e1g. Itt Kis Petra S\u00e1ra 4. oszt\u00e1lyos tanul\u00f3 a n\u00e9pes mez\u0151nyben az el\u0151kel\u0151 20. helyez\u00e9st \u00e9rte el. Gratul\u00e1lunk, \u00e9s tov\u00e1bbi sz\u00e9p eredm\u00e9nyt k\u00edv\u00e1nunk! Gyula, 2016. m\u00e1jus 9.\u00a0\u00a0\u00a0\u00a0\u00a0\u00a0\u00a0\u00a0\u00a0\u00a0\u00a0\u00a0\u00a0\u00a0\u00a0\u00a0\u00a0\u00a0\u00a0\u00a0\u00a0\u00a0\u00a0 \u00a0 \u00a0 \u00a0 \u00a0 \u00a0 \u00a0 \u00a0 \u00a0 \u00a0 \u00a0 \u00a0 \u00a0 \u00a0 \u00a0 \u00a0 \u00a0 [&hellip;]<\/p>\n","protected":false},"author":1,"featured_media":0,"comment_status":"closed","ping_status":"closed","sticky":false,"template":"","format":"standard","meta":{"footnotes":""},"categories":[1],"tags":[],"_links":{"self":[{"href":"https:\/\/dureriskola.hu\/bay\/index.php?rest_route=\/wp\/v2\/posts\/3513"}],"collection":[{"href":"https:\/\/dureriskola.hu\/bay\/index.php?rest_route=\/wp\/v2\/posts"}],"about":[{"href":"https:\/\/dureriskola.hu\/bay\/index.php?rest_route=\/wp\/v2\/types\/post"}],"author":[{"embeddable":true,"href":"https:\/\/dureriskola.hu\/bay\/index.php?rest_route=\/wp\/v2\/users\/1"}],"replies":[{"embeddable":true,"href":"https:\/\/dureriskola.hu\/bay\/index.php?rest_route=%2Fwp%2Fv2%2Fcomments&post=3513"}],"version-history":[{"count":1,"href":"https:\/\/dureriskola.hu\/bay\/index.php?rest_route=\/wp\/v2\/posts\/3513\/revisions"}],"predecessor-version":[{"id":3514,"href":"https:\/\/dureriskola.hu\/bay\/index.php?rest_route=\/wp\/v2\/posts\/3513\/revisions\/3514"}],"wp:attachment":[{"href":"https:\/\/dureriskola.hu\/bay\/index.php?rest_route=%2Fwp%2Fv2%2Fmedia&parent=3513"}],"wp:term":[{"taxonomy":"category","embeddable":true,"href":"https:\/\/dureriskola.hu\/bay\/index.php?rest_route=%2Fwp%2Fv2%2Fcategories&post=3513"},{"taxonomy":"post_tag","embeddable":true,"href":"https:\/\/dureriskola.hu\/bay\/index.php?rest_route=%2Fwp%2Fv2%2Ftags&post=3513"}],"curies":[{"name":"wp","href":"https:\/\/api.w.org\/{rel}","templated":true}]}}