{"id":3511,"date":"2016-05-09T16:16:12","date_gmt":"2016-05-09T16:16:12","guid":{"rendered":"http:\/\/dureriskola.hu\/bay\/?p=3511"},"modified":"2016-05-09T16:16:12","modified_gmt":"2016-05-09T16:16:12","slug":"kozlekedesi-verseny-2","status":"publish","type":"post","link":"https:\/\/dureriskola.hu\/bay\/?p=3511","title":{"rendered":"K\u00f6zleked\u00e9si verseny"},"content":{"rendered":"<div class=\"fcbkbttn_buttons_block\" id=\"fcbkbttn_left\"><div class=\"fcbkbttn_button\">\n                            <a href=\"https:\/\/www.facebook.com\/\" target=\"_blank\">\n                                <img src=\"https:\/\/dureriskola.hu\/bay\/wp-content\/plugins\/facebook-button-plugin\/images\/standard-facebook-ico.png\" alt=\"Fb-Button\" \/>\n                            <\/a>\n                        <\/div><div class=\"fcbkbttn_like \"><fb:like href=\"https:\/\/dureriskola.hu\/bay\/?p=3511\" action=\"like\" colorscheme=\"dark\" layout=\"standard\" show-faces='false' width=\"225px\" size=\"small\"><\/fb:like><\/div><\/div><div style=\"text-align: center;\">A rend\u0151rs\u00e9g szervez\u00e9s\u00e9ben m\u00e1rcius 17-\u00e9n megrendez\u00e9sre ker\u00fcl\u0151 Ker\u00e9kp\u00e1r Iskola Kupa v\u00e1rosi versenyen<\/div>\n<div style=\"text-align: center;\"><strong> G\u00fati \u00c1d\u00e1m<\/strong> II., <strong>Ferenczi Gabriella<\/strong> III. helyez\u00e9st \u00e9rt el.<\/div>\n<div style=\"text-align: center;\"><\/div>\n<div style=\"text-align: center;\">A \u201eKi a mester k\u00e9t ker\u00e9ken?\u201d v\u00e1rosi k\u00f6zleked\u00e9si versenyen <strong>Ferenczi Levente<\/strong> I., <strong>Kis Petra S\u00e1ra<\/strong> II. helyez\u00e9st \u00e9rt el.<\/div>\n<div style=\"text-align: center;\"><\/div>\n<div style=\"text-align: center;\"><strong>Ferenczi Levente<\/strong> a verseny megyei fordul\u00f3j\u00e1n (csapatban) III. helyezett csapat tagja volt.<\/div>\n<div style=\"text-align: center;\"><\/div>\n<div style=\"text-align: center;\"><\/div>\n<div style=\"text-align: center;\">Gratul\u00e1lunk Nekik!<\/div>\n<div style=\"text-align: center;\"><\/div>\n<div style=\"text-align: center;\"><\/div>\n<div style=\"text-align: center;\">\u00a0Gyula, 2016. m\u00e1jus 9.\u00a0\u00a0\u00a0\u00a0\u00a0\u00a0\u00a0\u00a0\u00a0\u00a0\u00a0\u00a0\u00a0\u00a0\u00a0\u00a0\u00a0\u00a0\u00a0\u00a0\u00a0\u00a0\u00a0\u00a0\u00a0\u00a0\u00a0\u00a0\u00a0\u00a0\u00a0\u00a0\u00a0\u00a0\u00a0\u00a0\u00a0\u00a0\u00a0\u00a0\u00a0\u00a0\u00a0\u00a0\u00a0\u00a0\u00a0\u00a0\u00a0\u00a0\u00a0\u00a0\u00a0\u00a0\u00a0\u00a0\u00a0\u00a0\u00a0\u00a0\u00a0\u00a0\u00a0\u00a0\u00a0\u00a0\u00a0\u00a0\u00a0\u00a0\u00a0\u00a0\u00a0\u00a0\u00a0\u00a0\u00a0\u00a0\u00a0\u00a0\u00a0\u00a0\u00a0\u00a0\u00a0\u00a0\u00a0\u00a0\u00a0\u00a0\u00a0\u00a0\u00a0\u00a0\u00a0\u00a0\u00a0\u00a0\u00a0\u00a0\u00a0\u00a0\u00a0\u00a0\u00a0\u00a0\u00a0\u00a0\u00a0\u00a0\u00a0\u00a0\u00a0\u00a0\u00a0\u00a0\u00a0 \u00c1rgyel\u00e1n L\u00e1szl\u00f3n\u00e9<\/div>\n","protected":false},"excerpt":{"rendered":"<p>A rend\u0151rs\u00e9g szervez\u00e9s\u00e9ben m\u00e1rcius 17-\u00e9n megrendez\u00e9sre ker\u00fcl\u0151 Ker\u00e9kp\u00e1r Iskola Kupa v\u00e1rosi versenyen G\u00fati \u00c1d\u00e1m II., Ferenczi Gabriella III. helyez\u00e9st \u00e9rt el. A \u201eKi a mester k\u00e9t ker\u00e9ken?\u201d v\u00e1rosi k\u00f6zleked\u00e9si versenyen Ferenczi Levente I., Kis Petra S\u00e1ra II. helyez\u00e9st \u00e9rt el. Ferenczi Levente a verseny megyei fordul\u00f3j\u00e1n (csapatban) III. helyezett csapat tagja volt. Gratul\u00e1lunk Nekik! \u00a0Gyula, [&hellip;]<\/p>\n","protected":false},"author":1,"featured_media":0,"comment_status":"closed","ping_status":"closed","sticky":false,"template":"","format":"standard","meta":{"footnotes":""},"categories":[1],"tags":[],"_links":{"self":[{"href":"https:\/\/dureriskola.hu\/bay\/index.php?rest_route=\/wp\/v2\/posts\/3511"}],"collection":[{"href":"https:\/\/dureriskola.hu\/bay\/index.php?rest_route=\/wp\/v2\/posts"}],"about":[{"href":"https:\/\/dureriskola.hu\/bay\/index.php?rest_route=\/wp\/v2\/types\/post"}],"author":[{"embeddable":true,"href":"https:\/\/dureriskola.hu\/bay\/index.php?rest_route=\/wp\/v2\/users\/1"}],"replies":[{"embeddable":true,"href":"https:\/\/dureriskola.hu\/bay\/index.php?rest_route=%2Fwp%2Fv2%2Fcomments&post=3511"}],"version-history":[{"count":1,"href":"https:\/\/dureriskola.hu\/bay\/index.php?rest_route=\/wp\/v2\/posts\/3511\/revisions"}],"predecessor-version":[{"id":3512,"href":"https:\/\/dureriskola.hu\/bay\/index.php?rest_route=\/wp\/v2\/posts\/3511\/revisions\/3512"}],"wp:attachment":[{"href":"https:\/\/dureriskola.hu\/bay\/index.php?rest_route=%2Fwp%2Fv2%2Fmedia&parent=3511"}],"wp:term":[{"taxonomy":"category","embeddable":true,"href":"https:\/\/dureriskola.hu\/bay\/index.php?rest_route=%2Fwp%2Fv2%2Fcategories&post=3511"},{"taxonomy":"post_tag","embeddable":true,"href":"https:\/\/dureriskola.hu\/bay\/index.php?rest_route=%2Fwp%2Fv2%2Ftags&post=3511"}],"curies":[{"name":"wp","href":"https:\/\/api.w.org\/{rel}","templated":true}]}}