{"id":3376,"date":"2015-11-03T23:19:51","date_gmt":"2015-11-03T23:19:51","guid":{"rendered":"http:\/\/dureriskola.hu\/bay\/?p=3376"},"modified":"2015-11-03T23:19:51","modified_gmt":"2015-11-03T23:19:51","slug":"rajzpalyazat","status":"publish","type":"post","link":"https:\/\/dureriskola.hu\/bay\/?p=3376","title":{"rendered":"Rajzp\u00e1ly\u00e1zat"},"content":{"rendered":"<div class=\"fcbkbttn_buttons_block\" id=\"fcbkbttn_left\"><div class=\"fcbkbttn_button\">\n                            <a href=\"https:\/\/www.facebook.com\/\" target=\"_blank\">\n                                <img src=\"https:\/\/dureriskola.hu\/bay\/wp-content\/plugins\/facebook-button-plugin\/images\/standard-facebook-ico.png\" alt=\"Fb-Button\" \/>\n                            <\/a>\n                        <\/div><div class=\"fcbkbttn_like \"><fb:like href=\"https:\/\/dureriskola.hu\/bay\/?p=3376\" action=\"like\" colorscheme=\"dark\" layout=\"standard\" show-faces='false' width=\"225px\" size=\"small\"><\/fb:like><\/div><\/div><p style=\"text-align: center;\"><strong>V\u00cdGAD\u00d3-RAJZP\u00c1LY\u00c1ZAT<\/strong><\/p>\n<p style=\"text-align: center;\"><strong>\u00a0<\/strong>Az \u0151szi sz\u00fcnet el\u0151tt hirdett\u00e9k meg a \u201eN\u00e1lunk ilyen a sz\u00fcret\u201d elnevez\u00e9s\u0171 rajzp\u00e1ly\u00e1zatot, melyre iskol\u00e1nk t\u00f6bb tanul\u00f3ja is nevezett. K\u00f6z\u00fcl\u00fck kiemelked\u0151 szerepl\u00e9s\u00e9rt oklevelet kaptak:<\/p>\n<p style=\"text-align: center;\">\u00a0\u00a0\u00a0\u00a0\u00a0\u00a0\u00a0\u00a0<strong> Antal Ria Nikolett: 1.a<\/strong><br \/>\n<strong>\u00a0\u00a0\u00a0\u00a0\u00a0\u00a0\u00a0\u00a0 Ungor Petra: 4.a<\/strong><br \/>\n<strong>\u00a0\u00a0\u00a0\u00a0\u00a0\u00a0\u00a0\u00a0 Fenyvesi Kata: 4.a<\/strong><\/p>\n<p style=\"text-align: center;\">Sz\u00e9p munk\u00e1jukhoz, el\u00e9rt helyez\u00e9s\u00fckh\u00f6z gratul\u00e1lunk!<\/p>\n<p style=\"text-align: right;\">Bay Zolt\u00e1n \u00c1lt. Isk. tan\u00edt\u00f3i<\/p>\n","protected":false},"excerpt":{"rendered":"<p>V\u00cdGAD\u00d3-RAJZP\u00c1LY\u00c1ZAT \u00a0Az \u0151szi sz\u00fcnet el\u0151tt hirdett\u00e9k meg a \u201eN\u00e1lunk ilyen a sz\u00fcret\u201d elnevez\u00e9s\u0171 rajzp\u00e1ly\u00e1zatot, melyre iskol\u00e1nk t\u00f6bb tanul\u00f3ja is nevezett. K\u00f6z\u00fcl\u00fck kiemelked\u0151 szerepl\u00e9s\u00e9rt oklevelet kaptak: \u00a0\u00a0\u00a0\u00a0\u00a0\u00a0\u00a0\u00a0 Antal Ria Nikolett: 1.a \u00a0\u00a0\u00a0\u00a0\u00a0\u00a0\u00a0\u00a0 Ungor Petra: 4.a \u00a0\u00a0\u00a0\u00a0\u00a0\u00a0\u00a0\u00a0 Fenyvesi Kata: 4.a Sz\u00e9p munk\u00e1jukhoz, el\u00e9rt helyez\u00e9s\u00fckh\u00f6z gratul\u00e1lunk! Bay Zolt\u00e1n \u00c1lt. Isk. tan\u00edt\u00f3i<\/p>\n","protected":false},"author":1,"featured_media":0,"comment_status":"closed","ping_status":"closed","sticky":false,"template":"","format":"standard","meta":{"footnotes":""},"categories":[1],"tags":[],"_links":{"self":[{"href":"https:\/\/dureriskola.hu\/bay\/index.php?rest_route=\/wp\/v2\/posts\/3376"}],"collection":[{"href":"https:\/\/dureriskola.hu\/bay\/index.php?rest_route=\/wp\/v2\/posts"}],"about":[{"href":"https:\/\/dureriskola.hu\/bay\/index.php?rest_route=\/wp\/v2\/types\/post"}],"author":[{"embeddable":true,"href":"https:\/\/dureriskola.hu\/bay\/index.php?rest_route=\/wp\/v2\/users\/1"}],"replies":[{"embeddable":true,"href":"https:\/\/dureriskola.hu\/bay\/index.php?rest_route=%2Fwp%2Fv2%2Fcomments&post=3376"}],"version-history":[{"count":2,"href":"https:\/\/dureriskola.hu\/bay\/index.php?rest_route=\/wp\/v2\/posts\/3376\/revisions"}],"predecessor-version":[{"id":3378,"href":"https:\/\/dureriskola.hu\/bay\/index.php?rest_route=\/wp\/v2\/posts\/3376\/revisions\/3378"}],"wp:attachment":[{"href":"https:\/\/dureriskola.hu\/bay\/index.php?rest_route=%2Fwp%2Fv2%2Fmedia&parent=3376"}],"wp:term":[{"taxonomy":"category","embeddable":true,"href":"https:\/\/dureriskola.hu\/bay\/index.php?rest_route=%2Fwp%2Fv2%2Fcategories&post=3376"},{"taxonomy":"post_tag","embeddable":true,"href":"https:\/\/dureriskola.hu\/bay\/index.php?rest_route=%2Fwp%2Fv2%2Ftags&post=3376"}],"curies":[{"name":"wp","href":"https:\/\/api.w.org\/{rel}","templated":true}]}}