{"id":3373,"date":"2015-11-03T23:18:00","date_gmt":"2015-11-03T23:18:00","guid":{"rendered":"http:\/\/dureriskola.hu\/bay\/?p=3373"},"modified":"2015-11-03T23:18:23","modified_gmt":"2015-11-03T23:18:23","slug":"bolyai-matematika-csapatverseny","status":"publish","type":"post","link":"https:\/\/dureriskola.hu\/bay\/?p=3373","title":{"rendered":"Bolyai matematika csapatverseny"},"content":{"rendered":"<div class=\"fcbkbttn_buttons_block\" id=\"fcbkbttn_left\"><div class=\"fcbkbttn_button\">\n                            <a href=\"https:\/\/www.facebook.com\/\" target=\"_blank\">\n                                <img src=\"https:\/\/dureriskola.hu\/bay\/wp-content\/plugins\/facebook-button-plugin\/images\/standard-facebook-ico.png\" alt=\"Fb-Button\" \/>\n                            <\/a>\n                        <\/div><div class=\"fcbkbttn_like \"><fb:like href=\"https:\/\/dureriskola.hu\/bay\/?p=3373\" action=\"like\" colorscheme=\"dark\" layout=\"standard\" show-faces='false' width=\"225px\" size=\"small\"><\/fb:like><\/div><\/div><p style=\"text-align: center;\">\u201e <em><strong>Minden, ami emberi, ak\u00e1r rossz, ak\u00e1r j\u00f3, el\u0151bb-ut\u00f3bb v\u00e9get \u00e9r, kiv\u00e9ve a matematik\u00e1t<\/strong><\/em>\u201d<\/p>\n<p style=\"text-align: right;\"><strong>Erd\u0151s P\u00e1l<\/strong><\/p>\n<p style=\"text-align: center;\">Okt\u00f3ber 16-\u00e1n ism\u00e9t megm\u00e9rettett\u00fck magunkat, a hagyom\u00e1nyosan az Implom J\u00f3zsef \u00c1ltal\u00e1nos Iskola 5.sz \u00c1ltal\u00e1nos \u00e9s Sportiskola Tagint\u00e9zm\u00e9ny\u00e9ben megrendezett Bolyai matematika csapatversenyen. Iskol\u00e1nkb\u00f3l 7 csapat, azaz 28 elhivatott tanul\u00f3 jelentkezett. Ebb\u0151l 3 als\u00f3s csapat( 4.oszt\u00e1lyb\u00f3l 1, 3. oszt\u00e1lyb\u00f3l 2) \u00e9s 4 fels\u0151s(5.a, 5.b, 6.o \u00e9s 7.o). A legjobb als\u00f3s a 18-ik, \u0151k a 4. oszt\u00e1lyosok, a legjobb fels\u0151s pedig a 11. helyez\u00e9st \u00e9rte el, \u0151k pedig a 6. oszt\u00e1lyosok csapata. A t\u00f6bbiek a k\u00f6z\u00e9pmez\u0151nyben v\u00e9geztek. Minden tanul\u00f3nak sz\u00edvb\u0151l gratul\u00e1lunk!<\/p>\n<p style=\"text-align: center;\">\n","protected":false},"excerpt":{"rendered":"<p>\u201e Minden, ami emberi, ak\u00e1r rossz, ak\u00e1r j\u00f3, el\u0151bb-ut\u00f3bb v\u00e9get \u00e9r, kiv\u00e9ve a matematik\u00e1t\u201d Erd\u0151s P\u00e1l Okt\u00f3ber 16-\u00e1n ism\u00e9t megm\u00e9rettett\u00fck magunkat, a hagyom\u00e1nyosan az Implom J\u00f3zsef \u00c1ltal\u00e1nos Iskola 5.sz \u00c1ltal\u00e1nos \u00e9s Sportiskola Tagint\u00e9zm\u00e9ny\u00e9ben megrendezett Bolyai matematika csapatversenyen. Iskol\u00e1nkb\u00f3l 7 csapat, azaz 28 elhivatott tanul\u00f3 jelentkezett. Ebb\u0151l 3 als\u00f3s csapat( 4.oszt\u00e1lyb\u00f3l 1, 3. oszt\u00e1lyb\u00f3l 2) \u00e9s [&hellip;]<\/p>\n","protected":false},"author":1,"featured_media":0,"comment_status":"closed","ping_status":"closed","sticky":false,"template":"","format":"standard","meta":{"footnotes":""},"categories":[1],"tags":[],"_links":{"self":[{"href":"https:\/\/dureriskola.hu\/bay\/index.php?rest_route=\/wp\/v2\/posts\/3373"}],"collection":[{"href":"https:\/\/dureriskola.hu\/bay\/index.php?rest_route=\/wp\/v2\/posts"}],"about":[{"href":"https:\/\/dureriskola.hu\/bay\/index.php?rest_route=\/wp\/v2\/types\/post"}],"author":[{"embeddable":true,"href":"https:\/\/dureriskola.hu\/bay\/index.php?rest_route=\/wp\/v2\/users\/1"}],"replies":[{"embeddable":true,"href":"https:\/\/dureriskola.hu\/bay\/index.php?rest_route=%2Fwp%2Fv2%2Fcomments&post=3373"}],"version-history":[{"count":2,"href":"https:\/\/dureriskola.hu\/bay\/index.php?rest_route=\/wp\/v2\/posts\/3373\/revisions"}],"predecessor-version":[{"id":3375,"href":"https:\/\/dureriskola.hu\/bay\/index.php?rest_route=\/wp\/v2\/posts\/3373\/revisions\/3375"}],"wp:attachment":[{"href":"https:\/\/dureriskola.hu\/bay\/index.php?rest_route=%2Fwp%2Fv2%2Fmedia&parent=3373"}],"wp:term":[{"taxonomy":"category","embeddable":true,"href":"https:\/\/dureriskola.hu\/bay\/index.php?rest_route=%2Fwp%2Fv2%2Fcategories&post=3373"},{"taxonomy":"post_tag","embeddable":true,"href":"https:\/\/dureriskola.hu\/bay\/index.php?rest_route=%2Fwp%2Fv2%2Ftags&post=3373"}],"curies":[{"name":"wp","href":"https:\/\/api.w.org\/{rel}","templated":true}]}}