{"id":3371,"date":"2015-11-02T23:12:01","date_gmt":"2015-11-02T23:12:01","guid":{"rendered":"http:\/\/dureriskola.hu\/bay\/?p=3371"},"modified":"2015-11-03T23:15:04","modified_gmt":"2015-11-03T23:15:04","slug":"logikai-csapatverseny","status":"publish","type":"post","link":"https:\/\/dureriskola.hu\/bay\/?p=3371","title":{"rendered":"Logikai csapatverseny"},"content":{"rendered":"<div class=\"fcbkbttn_buttons_block\" id=\"fcbkbttn_left\"><div class=\"fcbkbttn_button\">\n                            <a href=\"https:\/\/www.facebook.com\/\" target=\"_blank\">\n                                <img src=\"https:\/\/dureriskola.hu\/bay\/wp-content\/plugins\/facebook-button-plugin\/images\/standard-facebook-ico.png\" alt=\"Fb-Button\" \/>\n                            <\/a>\n                        <\/div><div class=\"fcbkbttn_like \"><fb:like href=\"https:\/\/dureriskola.hu\/bay\/?p=3371\" action=\"like\" colorscheme=\"dark\" layout=\"standard\" show-faces='false' width=\"225px\" size=\"small\"><\/fb:like><\/div><\/div><p style=\"text-align: center;\">Logikai csapatverseny Balatonf\u00fcreden<\/p>\n<p style=\"text-align: center;\">\u00a02015.okt.20.<\/p>\n<p style=\"text-align: center;\">\u00a0Balatonf\u00fcred Gyula partnerv\u00e1rosa, ez\u00e9rt a v\u00e1rosvezet\u00e9s arra t\u00f6rekszik, hogy legyenek k\u00f6z\u00f6s programjai a k\u00e9t v\u00e1ros di\u00e1ks\u00e1g\u00e1nak is. Ebb\u0151l az aprop\u00f3b\u00f3l iskol\u00e1nk t\u00f6bb \u00e9ve kap megh\u00edv\u00e1st a balatonf\u00fcredi Radn\u00f3ti Mikl\u00f3s \u00c1ltal\u00e1nos Iskola \u00e1ltal szervezett logikai versenyre.<\/p>\n<p style=\"text-align: center;\">Az \u00f6t\u00f6dik alkalommal megrendezett k\u00fcl\u00f6nleges versenyen t\u00f6bb mint 20 iskola di\u00e1kjai m\u00e9rhett\u00e9k \u00f6ssze szellemi k\u00e9pess\u00e9geiket. 4 f\u0151s csapatok jelentkez\u00e9s\u00e9t v\u00e1rt\u00e1k 5-6. \u00e9s 7-8. oszt\u00e1lyos korcsoportban. V\u00e1rosunkat az Implom J\u00f3zsef \u00c1ltal\u00e1nos Iskola 8. oszt\u00e1lyos csapata \u00e9s a D\u00fcrer Albert \u00c1ltal\u00e1nos Iskola 6. oszt\u00e1lyos csapata k\u00e9pviselte. Iskol\u00e1nk, a Bay Zolt\u00e1n \u00c1lt. Isk. a D\u00fcrer-suli tagint\u00e9zm\u00e9nyek\u00e9nt k\u00e9t kisl\u00e1nyt deleg\u00e1lt a 4 f\u0151s csapatba ( Ferenczi Gabriella \u00e9s Serf\u0151z\u0151 Anna). Mindketten rutinos versenyz\u0151k, ki nem hagyn\u00e1nak egy matek-versenyt sem. \u00dagy \u00e9rezt\u00fck meg\u00e9rdemlik, hogy r\u00e9szt vegyenek ezen a kiruccan\u00e1son.<\/p>\n<p style=\"text-align: center;\">A vend\u00e9gl\u00e1t\u00f3k 10 \u00f3ra k\u00f6r\u00fcl balatonf\u00fcredi programmal v\u00e1rt\u00e1k a versenyz\u0151ket (Balaton-parti s\u00e9ta, m\u00fazeuml\u00e1togat\u00e1s). Ezt sajnos a nagy t\u00e1vols\u00e1g miatt lek\u00e9st\u00fck, pedig kor\u00e1n indultunk, 4:45-kor. A buszos utaz\u00e1s azonban \u00edgy is \u00e9lm\u00e9ny volt mindannyiunk sz\u00e1m\u00e1ra. Az \u00edzletes eb\u00e9d elfogyaszt\u00e1sa \u00e9s az \u00fcnnep\u00e9lyes megnyit\u00f3 ut\u00e1n 13 \u00f3rakor kezd\u0151d\u00f6tt a verseny. 60 perc alatt lehetett megoldani k\u00f6z\u00f6s munk\u00e1val a furfangos feladatokat. Am\u00edg a szervez\u0151k a feladatsorok jav\u00edt\u00e1s\u00e1val voltak elfoglalva, addig a gyerekek t\u00f6bbf\u00e9le program k\u00f6z\u00fcl v\u00e1laszthattak. Szab\u00f3 Kriszti\u00e1n sakk nagymester egyik fiatal tan\u00edtv\u00e1nya sakkszimult\u00e1nt adott ( csak egy t\u00e1bl\u00e1n tudt\u00e1k legy\u0151zni \u0151t), volt aki k\u00e9zm\u0171veskedett, volt aki t\u00e1rsasj\u00e1t\u00e9kozott.<\/p>\n<p style=\"text-align: center;\">Az \u00fcnnep\u00e9lyes eredm\u00e9nyhirdet\u00e9st m\u00e1r nagyon v\u00e1rtuk. Itt kider\u00fclt, hogy a gyulai l\u00e1nyok a k\u00f6z\u00e9pmez\u0151nyben v\u00e9geztek, ami teljesen elfogadhat\u00f3 eredm\u00e9ny a felk\u00e9sz\u00fcl\u00e9s r\u00f6vids\u00e9ge miatt.<\/p>\n<p style=\"text-align: center;\">K\u00f6sz\u00f6nj\u00fck a lehet\u0151s\u00e9get, hogy r\u00e9szt vehett\u00fcnk ezen a programon, a f\u00fcredieknek pedig a sz\u00edves vend\u00e9gl\u00e1t\u00e1st!<\/p>\n<p style=\"text-align: right;\">\u00a0Lud\u00e1nyin\u00e9 Per\u00e9nyi M\u00e1rta<\/p>\n<p>&nbsp;<\/p>\n","protected":false},"excerpt":{"rendered":"<p>Logikai csapatverseny Balatonf\u00fcreden \u00a02015.okt.20. \u00a0Balatonf\u00fcred Gyula partnerv\u00e1rosa, ez\u00e9rt a v\u00e1rosvezet\u00e9s arra t\u00f6rekszik, hogy legyenek k\u00f6z\u00f6s programjai a k\u00e9t v\u00e1ros di\u00e1ks\u00e1g\u00e1nak is. Ebb\u0151l az aprop\u00f3b\u00f3l iskol\u00e1nk t\u00f6bb \u00e9ve kap megh\u00edv\u00e1st a balatonf\u00fcredi Radn\u00f3ti Mikl\u00f3s \u00c1ltal\u00e1nos Iskola \u00e1ltal szervezett logikai versenyre. Az \u00f6t\u00f6dik alkalommal megrendezett k\u00fcl\u00f6nleges versenyen t\u00f6bb mint 20 iskola di\u00e1kjai m\u00e9rhett\u00e9k \u00f6ssze szellemi k\u00e9pess\u00e9geiket. 4 [&hellip;]<\/p>\n","protected":false},"author":1,"featured_media":0,"comment_status":"closed","ping_status":"closed","sticky":false,"template":"","format":"standard","meta":{"footnotes":""},"categories":[1],"tags":[],"_links":{"self":[{"href":"https:\/\/dureriskola.hu\/bay\/index.php?rest_route=\/wp\/v2\/posts\/3371"}],"collection":[{"href":"https:\/\/dureriskola.hu\/bay\/index.php?rest_route=\/wp\/v2\/posts"}],"about":[{"href":"https:\/\/dureriskola.hu\/bay\/index.php?rest_route=\/wp\/v2\/types\/post"}],"author":[{"embeddable":true,"href":"https:\/\/dureriskola.hu\/bay\/index.php?rest_route=\/wp\/v2\/users\/1"}],"replies":[{"embeddable":true,"href":"https:\/\/dureriskola.hu\/bay\/index.php?rest_route=%2Fwp%2Fv2%2Fcomments&post=3371"}],"version-history":[{"count":1,"href":"https:\/\/dureriskola.hu\/bay\/index.php?rest_route=\/wp\/v2\/posts\/3371\/revisions"}],"predecessor-version":[{"id":3372,"href":"https:\/\/dureriskola.hu\/bay\/index.php?rest_route=\/wp\/v2\/posts\/3371\/revisions\/3372"}],"wp:attachment":[{"href":"https:\/\/dureriskola.hu\/bay\/index.php?rest_route=%2Fwp%2Fv2%2Fmedia&parent=3371"}],"wp:term":[{"taxonomy":"category","embeddable":true,"href":"https:\/\/dureriskola.hu\/bay\/index.php?rest_route=%2Fwp%2Fv2%2Fcategories&post=3371"},{"taxonomy":"post_tag","embeddable":true,"href":"https:\/\/dureriskola.hu\/bay\/index.php?rest_route=%2Fwp%2Fv2%2Ftags&post=3371"}],"curies":[{"name":"wp","href":"https:\/\/api.w.org\/{rel}","templated":true}]}}