{"id":3369,"date":"2015-10-27T23:09:34","date_gmt":"2015-10-27T23:09:34","guid":{"rendered":"http:\/\/dureriskola.hu\/bay\/?p=3369"},"modified":"2015-11-03T23:10:54","modified_gmt":"2015-11-03T23:10:54","slug":"idosek-vilagnapja-2015","status":"publish","type":"post","link":"https:\/\/dureriskola.hu\/bay\/?p=3369","title":{"rendered":"Id\u0151sek vil\u00e1gnapja 2015"},"content":{"rendered":"<div class=\"fcbkbttn_buttons_block\" id=\"fcbkbttn_left\"><div class=\"fcbkbttn_button\">\n                            <a href=\"https:\/\/www.facebook.com\/\" target=\"_blank\">\n                                <img src=\"https:\/\/dureriskola.hu\/bay\/wp-content\/plugins\/facebook-button-plugin\/images\/standard-facebook-ico.png\" alt=\"Fb-Button\" \/>\n                            <\/a>\n                        <\/div><div class=\"fcbkbttn_like \"><fb:like href=\"https:\/\/dureriskola.hu\/bay\/?p=3369\" action=\"like\" colorscheme=\"dark\" layout=\"standard\" show-faces='false' width=\"225px\" size=\"small\"><\/fb:like><\/div><\/div><ol start=\"2015\">\n<li style=\"text-align: center;\">X.1-\u00e9n a 2.a. oszt\u00e1llyal az Id\u0151sek Vil\u00e1gnapja alkalm\u00e1b\u00f3l ell\u00e1togattunk a Gyulav\u00e1ri Id\u0151sek Otthon\u00e1ba.<\/li>\n<\/ol>\n<p style=\"text-align: center;\">A gyerekek sz\u00e9p m\u0171sorral \u00e9s maguk k\u00e9sz\u00edtett aj\u00e1nd\u00e9kokkal eml\u00e9keztek meg az id\u0151s emberekr\u0151l. Sok sz\u00e9p vers \u00e9s dal hangzott el.<\/p>\n<p style=\"text-align: center;\">Az otthon lak\u00f3i megillet\u0151dve hallgatt\u00e1k v\u00e9gig a m\u0171sort, melynek v\u00e9g\u00e9n s\u00fctem\u00e9nnyel kedveskedtek a gyerekeknek.<\/p>\n<p style=\"text-align: center;\"><span class=\"gllr_code\">\t\t\t\t\t<div class=\"gallery_box_single\">\n\t\t\t\t\t\t<p class=\"not_found\">Sorry, nothing found.<\/p>\n\t\t\t\t\t<\/div><!-- .gallery_box_single -->\n\t\t\t\t<\/span><\/p>\n","protected":false},"excerpt":{"rendered":"<p>X.1-\u00e9n a 2.a. oszt\u00e1llyal az Id\u0151sek Vil\u00e1gnapja alkalm\u00e1b\u00f3l ell\u00e1togattunk a Gyulav\u00e1ri Id\u0151sek Otthon\u00e1ba. A gyerekek sz\u00e9p m\u0171sorral \u00e9s maguk k\u00e9sz\u00edtett aj\u00e1nd\u00e9kokkal eml\u00e9keztek meg az id\u0151s emberekr\u0151l. Sok sz\u00e9p vers \u00e9s dal hangzott el. Az otthon lak\u00f3i megillet\u0151dve hallgatt\u00e1k v\u00e9gig a m\u0171sort, melynek v\u00e9g\u00e9n s\u00fctem\u00e9nnyel kedveskedtek a gyerekeknek.<\/p>\n","protected":false},"author":1,"featured_media":0,"comment_status":"closed","ping_status":"closed","sticky":false,"template":"","format":"standard","meta":{"footnotes":""},"categories":[1],"tags":[],"_links":{"self":[{"href":"https:\/\/dureriskola.hu\/bay\/index.php?rest_route=\/wp\/v2\/posts\/3369"}],"collection":[{"href":"https:\/\/dureriskola.hu\/bay\/index.php?rest_route=\/wp\/v2\/posts"}],"about":[{"href":"https:\/\/dureriskola.hu\/bay\/index.php?rest_route=\/wp\/v2\/types\/post"}],"author":[{"embeddable":true,"href":"https:\/\/dureriskola.hu\/bay\/index.php?rest_route=\/wp\/v2\/users\/1"}],"replies":[{"embeddable":true,"href":"https:\/\/dureriskola.hu\/bay\/index.php?rest_route=%2Fwp%2Fv2%2Fcomments&post=3369"}],"version-history":[{"count":1,"href":"https:\/\/dureriskola.hu\/bay\/index.php?rest_route=\/wp\/v2\/posts\/3369\/revisions"}],"predecessor-version":[{"id":3370,"href":"https:\/\/dureriskola.hu\/bay\/index.php?rest_route=\/wp\/v2\/posts\/3369\/revisions\/3370"}],"wp:attachment":[{"href":"https:\/\/dureriskola.hu\/bay\/index.php?rest_route=%2Fwp%2Fv2%2Fmedia&parent=3369"}],"wp:term":[{"taxonomy":"category","embeddable":true,"href":"https:\/\/dureriskola.hu\/bay\/index.php?rest_route=%2Fwp%2Fv2%2Fcategories&post=3369"},{"taxonomy":"post_tag","embeddable":true,"href":"https:\/\/dureriskola.hu\/bay\/index.php?rest_route=%2Fwp%2Fv2%2Ftags&post=3369"}],"curies":[{"name":"wp","href":"https:\/\/api.w.org\/{rel}","templated":true}]}}