{"id":3333,"date":"2015-10-14T18:44:57","date_gmt":"2015-10-14T18:44:57","guid":{"rendered":"http:\/\/dureriskola.hu\/bay\/?p=3333"},"modified":"2015-10-16T18:48:31","modified_gmt":"2015-10-16T18:48:31","slug":"hasznosanyag-gyujtes-az-iskolaban-2","status":"publish","type":"post","link":"https:\/\/dureriskola.hu\/bay\/?p=3333","title":{"rendered":"Hasznosanyag-gy\u0171jt\u00e9s az iskol\u00e1ban"},"content":{"rendered":"<div class=\"fcbkbttn_buttons_block\" id=\"fcbkbttn_left\"><div class=\"fcbkbttn_button\">\n                            <a href=\"https:\/\/www.facebook.com\/\" target=\"_blank\">\n                                <img src=\"https:\/\/dureriskola.hu\/bay\/wp-content\/plugins\/facebook-button-plugin\/images\/standard-facebook-ico.png\" alt=\"Fb-Button\" \/>\n                            <\/a>\n                        <\/div><div class=\"fcbkbttn_like \"><fb:like href=\"https:\/\/dureriskola.hu\/bay\/?p=3333\" action=\"like\" colorscheme=\"dark\" layout=\"standard\" show-faces='false' width=\"225px\" size=\"small\"><\/fb:like><\/div><\/div><p style=\"text-align: center;\">Az okt\u00f3ber 12-re tervezett hasznosanyag-gy\u0171jt\u00e9s az es\u0151 miatt el lett halasztva.<\/p>\n<p style=\"text-align: center;\"><strong>Az \u00faj id\u0151pont: 2015.10.19. (h\u00e9tf\u0151.)<\/strong><\/p>\n<p style=\"text-align: center;\">Pap\u00edrt \u00e9s f\u00e9mhullad\u00e9kot egyar\u00e1nt gy\u0171jt\u00fcnk. Aki a feleslegess\u00e9 v\u00e1lt hullad\u00e9kot a suliba hozza, v\u00e1rjuk a fent jel\u00f6lt h\u00e9tf\u0151i napon <strong>12 \u00e9s 17 \u00f3ra k\u00f6z\u00f6tt<\/strong> fels\u0151 tagozatos \u00e9p\u00fcletben, az aszfaltp\u00e1ly\u00e1n fel\u00e1ll\u00edt\u00e1sra ker\u00fcl\u0151 gy\u0171jt\u0151pontokon.<\/p>\n<p style=\"text-align: center;\">El\u0151re is k\u00f6sz\u00f6nj\u00fck a di\u00e1k\u00f6nkorm\u00e1nyzat nev\u00e9ben mindenkinek a seg\u00edts\u00e9g\u00e9t!<\/p>\n<p style=\"text-align: center;\">\n","protected":false},"excerpt":{"rendered":"<p>Az okt\u00f3ber 12-re tervezett hasznosanyag-gy\u0171jt\u00e9s az es\u0151 miatt el lett halasztva. Az \u00faj id\u0151pont: 2015.10.19. (h\u00e9tf\u0151.) Pap\u00edrt \u00e9s f\u00e9mhullad\u00e9kot egyar\u00e1nt gy\u0171jt\u00fcnk. Aki a feleslegess\u00e9 v\u00e1lt hullad\u00e9kot a suliba hozza, v\u00e1rjuk a fent jel\u00f6lt h\u00e9tf\u0151i napon 12 \u00e9s 17 \u00f3ra k\u00f6z\u00f6tt fels\u0151 tagozatos \u00e9p\u00fcletben, az aszfaltp\u00e1ly\u00e1n fel\u00e1ll\u00edt\u00e1sra ker\u00fcl\u0151 gy\u0171jt\u0151pontokon. El\u0151re is k\u00f6sz\u00f6nj\u00fck a di\u00e1k\u00f6nkorm\u00e1nyzat nev\u00e9ben mindenkinek [&hellip;]<\/p>\n","protected":false},"author":1,"featured_media":0,"comment_status":"closed","ping_status":"closed","sticky":false,"template":"","format":"standard","meta":{"footnotes":""},"categories":[1],"tags":[],"_links":{"self":[{"href":"https:\/\/dureriskola.hu\/bay\/index.php?rest_route=\/wp\/v2\/posts\/3333"}],"collection":[{"href":"https:\/\/dureriskola.hu\/bay\/index.php?rest_route=\/wp\/v2\/posts"}],"about":[{"href":"https:\/\/dureriskola.hu\/bay\/index.php?rest_route=\/wp\/v2\/types\/post"}],"author":[{"embeddable":true,"href":"https:\/\/dureriskola.hu\/bay\/index.php?rest_route=\/wp\/v2\/users\/1"}],"replies":[{"embeddable":true,"href":"https:\/\/dureriskola.hu\/bay\/index.php?rest_route=%2Fwp%2Fv2%2Fcomments&post=3333"}],"version-history":[{"count":2,"href":"https:\/\/dureriskola.hu\/bay\/index.php?rest_route=\/wp\/v2\/posts\/3333\/revisions"}],"predecessor-version":[{"id":3335,"href":"https:\/\/dureriskola.hu\/bay\/index.php?rest_route=\/wp\/v2\/posts\/3333\/revisions\/3335"}],"wp:attachment":[{"href":"https:\/\/dureriskola.hu\/bay\/index.php?rest_route=%2Fwp%2Fv2%2Fmedia&parent=3333"}],"wp:term":[{"taxonomy":"category","embeddable":true,"href":"https:\/\/dureriskola.hu\/bay\/index.php?rest_route=%2Fwp%2Fv2%2Fcategories&post=3333"},{"taxonomy":"post_tag","embeddable":true,"href":"https:\/\/dureriskola.hu\/bay\/index.php?rest_route=%2Fwp%2Fv2%2Ftags&post=3333"}],"curies":[{"name":"wp","href":"https:\/\/api.w.org\/{rel}","templated":true}]}}