{"id":3317,"date":"2015-10-05T18:32:11","date_gmt":"2015-10-05T18:32:11","guid":{"rendered":"http:\/\/dureriskola.hu\/bay\/?p=3317"},"modified":"2015-10-07T18:40:06","modified_gmt":"2015-10-07T18:40:06","slug":"zzz-2015","status":"publish","type":"post","link":"https:\/\/dureriskola.hu\/bay\/?p=3317","title":{"rendered":"ZZZ &#8211; 2015"},"content":{"rendered":"<div class=\"fcbkbttn_buttons_block\" id=\"fcbkbttn_left\"><div class=\"fcbkbttn_button\">\n                            <a href=\"https:\/\/www.facebook.com\/\" target=\"_blank\">\n                                <img src=\"https:\/\/dureriskola.hu\/bay\/wp-content\/plugins\/facebook-button-plugin\/images\/standard-facebook-ico.png\" alt=\"Fb-Button\" \/>\n                            <\/a>\n                        <\/div><div class=\"fcbkbttn_like \"><fb:like href=\"https:\/\/dureriskola.hu\/bay\/?p=3317\" action=\"like\" colorscheme=\"dark\" layout=\"standard\" show-faces='false' width=\"225px\" size=\"small\"><\/fb:like><\/div><\/div><p style=\"text-align: center;\">R\u00e9gi di\u00e1k\u00f6nk\u00f6rm\u00e1nyzati szok\u00e1s, az \u00fajonc di\u00e1kok bemutatkoz\u00f3, verseng\u00e9ssel \u00e9s vicces jelenetekkel tark\u00edtott k\u00f6z\u00f6ss\u00e9gi d\u00e9lut\u00e1nja. Ez a <strong>Z<\/strong>\u00f6ldf\u00fcl\u0171ek <strong>Z<\/strong>en\u00e9s <strong>Z<\/strong>aklat\u00e1sa.<\/p>\n<p style=\"text-align: center;\">Persze sem sz\u00e1mukra, sem a n\u00e9z\u0151sereg r\u00e9sz\u00e9re nem f\u00e1j\u00f3 e zaklat\u00e1s, hiszen egy j\u00f3 hangulat\u00fa d\u00e9lut\u00e1nt jelent mindig ez a rendezv\u00e9ny. Bizonys\u00e1gul \u00edme n\u00e9h\u00e1ny fot\u00f3 az idei ZZZ-r\u0151l:<\/p>\n<p style=\"text-align: center;\">\u00a0<span class=\"gllr_code\">\t\t\t\t\t<div class=\"gallery_box_single\">\n\t\t\t\t\t\t<p class=\"not_found\">Sorry, nothing found.<\/p>\n\t\t\t\t\t<\/div><!-- .gallery_box_single -->\n\t\t\t\t<\/span><\/p>\n<p style=\"text-align: center;\">\n","protected":false},"excerpt":{"rendered":"<p>R\u00e9gi di\u00e1k\u00f6nk\u00f6rm\u00e1nyzati szok\u00e1s, az \u00fajonc di\u00e1kok bemutatkoz\u00f3, verseng\u00e9ssel \u00e9s vicces jelenetekkel tark\u00edtott k\u00f6z\u00f6ss\u00e9gi d\u00e9lut\u00e1nja. Ez a Z\u00f6ldf\u00fcl\u0171ek Zen\u00e9s Zaklat\u00e1sa. Persze sem sz\u00e1mukra, sem a n\u00e9z\u0151sereg r\u00e9sz\u00e9re nem f\u00e1j\u00f3 e zaklat\u00e1s, hiszen egy j\u00f3 hangulat\u00fa d\u00e9lut\u00e1nt jelent mindig ez a rendezv\u00e9ny. Bizonys\u00e1gul \u00edme n\u00e9h\u00e1ny fot\u00f3 az idei ZZZ-r\u0151l: \u00a0<\/p>\n","protected":false},"author":1,"featured_media":0,"comment_status":"closed","ping_status":"closed","sticky":false,"template":"","format":"standard","meta":{"footnotes":""},"categories":[1],"tags":[],"_links":{"self":[{"href":"https:\/\/dureriskola.hu\/bay\/index.php?rest_route=\/wp\/v2\/posts\/3317"}],"collection":[{"href":"https:\/\/dureriskola.hu\/bay\/index.php?rest_route=\/wp\/v2\/posts"}],"about":[{"href":"https:\/\/dureriskola.hu\/bay\/index.php?rest_route=\/wp\/v2\/types\/post"}],"author":[{"embeddable":true,"href":"https:\/\/dureriskola.hu\/bay\/index.php?rest_route=\/wp\/v2\/users\/1"}],"replies":[{"embeddable":true,"href":"https:\/\/dureriskola.hu\/bay\/index.php?rest_route=%2Fwp%2Fv2%2Fcomments&post=3317"}],"version-history":[{"count":2,"href":"https:\/\/dureriskola.hu\/bay\/index.php?rest_route=\/wp\/v2\/posts\/3317\/revisions"}],"predecessor-version":[{"id":3326,"href":"https:\/\/dureriskola.hu\/bay\/index.php?rest_route=\/wp\/v2\/posts\/3317\/revisions\/3326"}],"wp:attachment":[{"href":"https:\/\/dureriskola.hu\/bay\/index.php?rest_route=%2Fwp%2Fv2%2Fmedia&parent=3317"}],"wp:term":[{"taxonomy":"category","embeddable":true,"href":"https:\/\/dureriskola.hu\/bay\/index.php?rest_route=%2Fwp%2Fv2%2Fcategories&post=3317"},{"taxonomy":"post_tag","embeddable":true,"href":"https:\/\/dureriskola.hu\/bay\/index.php?rest_route=%2Fwp%2Fv2%2Ftags&post=3317"}],"curies":[{"name":"wp","href":"https:\/\/api.w.org\/{rel}","templated":true}]}}