{"id":3303,"date":"2015-09-22T21:43:55","date_gmt":"2015-09-22T21:43:55","guid":{"rendered":"http:\/\/dureriskola.hu\/bay\/?p=3303"},"modified":"2015-10-07T18:41:39","modified_gmt":"2015-10-07T18:41:39","slug":"laborgyakorlat-az-erkel-ferenc-gimnaziumban","status":"publish","type":"post","link":"https:\/\/dureriskola.hu\/bay\/?p=3303","title":{"rendered":"Laborgyakorlat az Erkel Ferenc Gimn\u00e1ziumban"},"content":{"rendered":"<div class=\"fcbkbttn_buttons_block\" id=\"fcbkbttn_left\"><div class=\"fcbkbttn_button\">\n                            <a href=\"https:\/\/www.facebook.com\/\" target=\"_blank\">\n                                <img src=\"https:\/\/dureriskola.hu\/bay\/wp-content\/plugins\/facebook-button-plugin\/images\/standard-facebook-ico.png\" alt=\"Fb-Button\" \/>\n                            <\/a>\n                        <\/div><div class=\"fcbkbttn_like \"><fb:like href=\"https:\/\/dureriskola.hu\/bay\/?p=3303\" action=\"like\" colorscheme=\"dark\" layout=\"standard\" show-faces='false' width=\"225px\" size=\"small\"><\/fb:like><\/div><\/div><p style=\"text-align: center;\">Az id\u00e9n is folytat\u00f3dnak a laborgyakorlatok a di\u00e1kok sz\u00e1m\u00e1ra az Erkel gimiben. Szeptember 29-\u00e9n egy nagyon \u00e9rdekes foglalkoz\u00e1son vehettek r\u00e9szt a hatodikosok. A mikroszk\u00f3pos vizsg\u00e1latok a mikrovil\u00e1g sz\u00e1mos \u00e9rdekes titk\u00e1ba ny\u00fajtottak bepillant\u00e1st, s az itt megszerzett tapasztalatokat tanulm\u00e1nyaik sor\u00e1n is hasznos\u00edthatj\u00e1k a di\u00e1kjaink.<\/p>\n<p style=\"text-align: center;\">Novemberben megint megy\u00fcnk!<\/p>\n<p style=\"text-align: center;\"><span class=\"gllr_code\">\t\t\t\t\t<div class=\"gallery_box_single\">\n\t\t\t\t\t\t<p class=\"not_found\">Sorry, nothing found.<\/p>\n\t\t\t\t\t<\/div><!-- .gallery_box_single -->\n\t\t\t\t<\/span><\/p>\n<p style=\"text-align: center;\">\n","protected":false},"excerpt":{"rendered":"<p>Az id\u00e9n is folytat\u00f3dnak a laborgyakorlatok a di\u00e1kok sz\u00e1m\u00e1ra az Erkel gimiben. Szeptember 29-\u00e9n egy nagyon \u00e9rdekes foglalkoz\u00e1son vehettek r\u00e9szt a hatodikosok. A mikroszk\u00f3pos vizsg\u00e1latok a mikrovil\u00e1g sz\u00e1mos \u00e9rdekes titk\u00e1ba ny\u00fajtottak bepillant\u00e1st, s az itt megszerzett tapasztalatokat tanulm\u00e1nyaik sor\u00e1n is hasznos\u00edthatj\u00e1k a di\u00e1kjaink. Novemberben megint megy\u00fcnk!<\/p>\n","protected":false},"author":1,"featured_media":0,"comment_status":"closed","ping_status":"closed","sticky":false,"template":"","format":"standard","meta":{"footnotes":""},"categories":[1],"tags":[],"_links":{"self":[{"href":"https:\/\/dureriskola.hu\/bay\/index.php?rest_route=\/wp\/v2\/posts\/3303"}],"collection":[{"href":"https:\/\/dureriskola.hu\/bay\/index.php?rest_route=\/wp\/v2\/posts"}],"about":[{"href":"https:\/\/dureriskola.hu\/bay\/index.php?rest_route=\/wp\/v2\/types\/post"}],"author":[{"embeddable":true,"href":"https:\/\/dureriskola.hu\/bay\/index.php?rest_route=\/wp\/v2\/users\/1"}],"replies":[{"embeddable":true,"href":"https:\/\/dureriskola.hu\/bay\/index.php?rest_route=%2Fwp%2Fv2%2Fcomments&post=3303"}],"version-history":[{"count":4,"href":"https:\/\/dureriskola.hu\/bay\/index.php?rest_route=\/wp\/v2\/posts\/3303\/revisions"}],"predecessor-version":[{"id":3316,"href":"https:\/\/dureriskola.hu\/bay\/index.php?rest_route=\/wp\/v2\/posts\/3303\/revisions\/3316"}],"wp:attachment":[{"href":"https:\/\/dureriskola.hu\/bay\/index.php?rest_route=%2Fwp%2Fv2%2Fmedia&parent=3303"}],"wp:term":[{"taxonomy":"category","embeddable":true,"href":"https:\/\/dureriskola.hu\/bay\/index.php?rest_route=%2Fwp%2Fv2%2Fcategories&post=3303"},{"taxonomy":"post_tag","embeddable":true,"href":"https:\/\/dureriskola.hu\/bay\/index.php?rest_route=%2Fwp%2Fv2%2Ftags&post=3303"}],"curies":[{"name":"wp","href":"https:\/\/api.w.org\/{rel}","templated":true}]}}