{"id":3291,"date":"2015-08-27T21:18:38","date_gmt":"2015-08-27T21:18:38","guid":{"rendered":"http:\/\/dureriskola.hu\/bay\/?p=3291"},"modified":"2015-10-03T21:25:54","modified_gmt":"2015-10-03T21:25:54","slug":"hurra-kezdodik-megint-a-suliii","status":"publish","type":"post","link":"https:\/\/dureriskola.hu\/bay\/?p=3291","title":{"rendered":"Hurr\u00e1! Kezd\u0151dik megint a suliii!"},"content":{"rendered":"<div class=\"fcbkbttn_buttons_block\" id=\"fcbkbttn_left\"><div class=\"fcbkbttn_button\">\n                            <a href=\"https:\/\/www.facebook.com\/\" target=\"_blank\">\n                                <img src=\"https:\/\/dureriskola.hu\/bay\/wp-content\/plugins\/facebook-button-plugin\/images\/standard-facebook-ico.png\" alt=\"Fb-Button\" \/>\n                            <\/a>\n                        <\/div><div class=\"fcbkbttn_like \"><fb:like href=\"https:\/\/dureriskola.hu\/bay\/?p=3291\" action=\"like\" colorscheme=\"dark\" layout=\"standard\" show-faces='false' width=\"225px\" size=\"small\"><\/fb:like><\/div><\/div><p style=\"text-align: center;\">Mindenki legnagyobb \u00f6r\u00f6m\u00e9re t\u00f6bb h\u00f3napnyi n\u00e9lk\u00fcl\u00f6z\u00e9s ut\u00e1n \u00fajra kinyitja kapuit a suli! R\u00e9gi \u00e9s \u00faj tant\u00e1rgyak, izgalmas dolgozatok \u00e9s felel\u00e9sek v\u00e1rnak mindenkire! M\u00f3ka \u00e9s kacag\u00e1s v\u00e1r minden ifjabb \u00e9s id\u0151sebb di\u00e1kra!<\/p>\n<p style=\"text-align: center;\">Ha minden j\u00f3l alakul, \u00fajra indul a sulib\u00fcf\u00e9 is, ami tavaly hi\u00e1nyzott sokaknak.<\/p>\n<p style=\"text-align: center;\">\u00dcnnep\u00e9lyes tan\u00e9vnyit\u00f3: 2015.08.29. (szombat)<\/p>\n<p style=\"text-align: center;\">Az els\u0151 tan\u00edt\u00e1si nap: 2015.09.01. (kedd)<\/p>\n<p style=\"text-align: center;\">\n<p style=\"text-align: center;\"><span class=\"gllr_code\">\t\t\t\t\t<div class=\"gallery_box_single\">\n\t\t\t\t\t\t<p class=\"not_found\">Sorry, nothing found.<\/p>\n\t\t\t\t\t<\/div><!-- .gallery_box_single -->\n\t\t\t\t<\/span><\/p>\n","protected":false},"excerpt":{"rendered":"<p>Mindenki legnagyobb \u00f6r\u00f6m\u00e9re t\u00f6bb h\u00f3napnyi n\u00e9lk\u00fcl\u00f6z\u00e9s ut\u00e1n \u00fajra kinyitja kapuit a suli! R\u00e9gi \u00e9s \u00faj tant\u00e1rgyak, izgalmas dolgozatok \u00e9s felel\u00e9sek v\u00e1rnak mindenkire! M\u00f3ka \u00e9s kacag\u00e1s v\u00e1r minden ifjabb \u00e9s id\u0151sebb di\u00e1kra! Ha minden j\u00f3l alakul, \u00fajra indul a sulib\u00fcf\u00e9 is, ami tavaly hi\u00e1nyzott sokaknak. \u00dcnnep\u00e9lyes tan\u00e9vnyit\u00f3: 2015.08.29. (szombat) Az els\u0151 tan\u00edt\u00e1si nap: 2015.09.01. (kedd)<\/p>\n","protected":false},"author":1,"featured_media":0,"comment_status":"closed","ping_status":"closed","sticky":false,"template":"","format":"standard","meta":{"footnotes":""},"categories":[1],"tags":[],"_links":{"self":[{"href":"https:\/\/dureriskola.hu\/bay\/index.php?rest_route=\/wp\/v2\/posts\/3291"}],"collection":[{"href":"https:\/\/dureriskola.hu\/bay\/index.php?rest_route=\/wp\/v2\/posts"}],"about":[{"href":"https:\/\/dureriskola.hu\/bay\/index.php?rest_route=\/wp\/v2\/types\/post"}],"author":[{"embeddable":true,"href":"https:\/\/dureriskola.hu\/bay\/index.php?rest_route=\/wp\/v2\/users\/1"}],"replies":[{"embeddable":true,"href":"https:\/\/dureriskola.hu\/bay\/index.php?rest_route=%2Fwp%2Fv2%2Fcomments&post=3291"}],"version-history":[{"count":2,"href":"https:\/\/dureriskola.hu\/bay\/index.php?rest_route=\/wp\/v2\/posts\/3291\/revisions"}],"predecessor-version":[{"id":3293,"href":"https:\/\/dureriskola.hu\/bay\/index.php?rest_route=\/wp\/v2\/posts\/3291\/revisions\/3293"}],"wp:attachment":[{"href":"https:\/\/dureriskola.hu\/bay\/index.php?rest_route=%2Fwp%2Fv2%2Fmedia&parent=3291"}],"wp:term":[{"taxonomy":"category","embeddable":true,"href":"https:\/\/dureriskola.hu\/bay\/index.php?rest_route=%2Fwp%2Fv2%2Fcategories&post=3291"},{"taxonomy":"post_tag","embeddable":true,"href":"https:\/\/dureriskola.hu\/bay\/index.php?rest_route=%2Fwp%2Fv2%2Ftags&post=3291"}],"curies":[{"name":"wp","href":"https:\/\/api.w.org\/{rel}","templated":true}]}}