{"id":3236,"date":"2015-06-08T20:24:57","date_gmt":"2015-06-08T20:24:57","guid":{"rendered":"http:\/\/dureriskola.hu\/bay\/?p=3236"},"modified":"2015-10-03T20:39:29","modified_gmt":"2015-10-03T20:39:29","slug":"osztalykirandultunk","status":"publish","type":"post","link":"https:\/\/dureriskola.hu\/bay\/?p=3236","title":{"rendered":"Oszt\u00e1lykir\u00e1ndultunk!"},"content":{"rendered":"<div class=\"fcbkbttn_buttons_block\" id=\"fcbkbttn_left\"><div class=\"fcbkbttn_button\">\n                            <a href=\"https:\/\/www.facebook.com\/\" target=\"_blank\">\n                                <img src=\"https:\/\/dureriskola.hu\/bay\/wp-content\/plugins\/facebook-button-plugin\/images\/standard-facebook-ico.png\" alt=\"Fb-Button\" \/>\n                            <\/a>\n                        <\/div><div class=\"fcbkbttn_like \"><fb:like href=\"https:\/\/dureriskola.hu\/bay\/?p=3236\" action=\"like\" colorscheme=\"dark\" layout=\"standard\" show-faces='false' width=\"225px\" size=\"small\"><\/fb:like><\/div><\/div><p>A legt\u00f6bb oszt\u00e1ly j\u00fanius 5-\u00e9n volt kir\u00e1ndulni. Az \u00f6t\u00f6dikesek ebben a tan\u00e9vben a Tisza-t\u00f3 partj\u00e1n fekv\u0151 Poroszl\u00f3ban j\u00e1rtak. Poroszl\u00f3n egy viszonylag \u00faj \u00e9s jelenleg is b\u0151v\u00fcl\u0151 \u00d6ko-centrum ny\u00edlt n\u00e9h\u00e1ny \u00e9ve. Komplexum f\u0151 l\u00e1tv\u00e1nyoss\u00e1ga egy hatalmas akv\u00e1rium, ami szinte a teljes hazai hal\u00e1llom\u00e1nyt bemutatja a l\u00e1togat\u00f3knak. Eur\u00f3pa legnagyobb ilyen t\u00edpus\u00fa akv\u00e1rium\u00e1r\u00f3l besz\u00e9l\u00fcnk egy\u00e9bk\u00e9nt.<\/p>\n<p>Busszal utazott az oszt\u00e1ly, \u00e9rkez\u00e9skor egy cs\u00f3nakt\u00far\u00e1val kezdt\u00fck a napot. A cs\u00f3nak\u00e1z\u00e1s k\u00f6zben sok \u00e9rdekess\u00e9get tudhattunk meg a k\u00f6rny\u00e9kr\u0151l. A vizes kaland ut\u00e1n az \u00d6ko-centrum l\u00e1tnival\u00f3val ismerkedt\u00fcnk. A k\u00fclt\u00e9ri l\u00e1tnival\u00f3k szemrev\u00e9telez\u00e9se ut\u00e1n megeb\u00e9delt\u00fcnk, majd a h\u00edres akv\u00e1rium megtekint\u00e9s\u00e9vel folytattuk a programot. D\u00e9lut\u00e1n egy j\u00f3 fagyiz\u00e1sra m\u00e9g id\u0151t szak\u00edtottunk, majd hazafel\u00e9 vett\u00fck az ir\u00e1nyt.<\/p>\n<p>Ha b\u00e1rmelyik oszt\u00e1ly egy napos kir\u00e1ndul\u00e1st tervez, b\u00e1tran aj\u00e1nljuk a Tisza-tavat. Nek\u00fcnk bej\u00f6tt, \u00e9s az \u00fat sem hossz\u00fa.<\/p>\n<p style=\"text-align: center;\"><span class=\"gllr_code\">\t\t\t\t\t<div class=\"gallery_box_single\">\n\t\t\t\t\t\t<p class=\"not_found\">Sorry, nothing found.<\/p>\n\t\t\t\t\t<\/div><!-- .gallery_box_single -->\n\t\t\t\t<\/span><\/p>\n<p>&nbsp;<\/p>\n<p style=\"text-align: center;\">\n","protected":false},"excerpt":{"rendered":"<p>A legt\u00f6bb oszt\u00e1ly j\u00fanius 5-\u00e9n volt kir\u00e1ndulni. Az \u00f6t\u00f6dikesek ebben a tan\u00e9vben a Tisza-t\u00f3 partj\u00e1n fekv\u0151 Poroszl\u00f3ban j\u00e1rtak. Poroszl\u00f3n egy viszonylag \u00faj \u00e9s jelenleg is b\u0151v\u00fcl\u0151 \u00d6ko-centrum ny\u00edlt n\u00e9h\u00e1ny \u00e9ve. Komplexum f\u0151 l\u00e1tv\u00e1nyoss\u00e1ga egy hatalmas akv\u00e1rium, ami szinte a teljes hazai hal\u00e1llom\u00e1nyt bemutatja a l\u00e1togat\u00f3knak. Eur\u00f3pa legnagyobb ilyen t\u00edpus\u00fa akv\u00e1rium\u00e1r\u00f3l besz\u00e9l\u00fcnk egy\u00e9bk\u00e9nt. Busszal utazott az [&hellip;]<\/p>\n","protected":false},"author":1,"featured_media":0,"comment_status":"closed","ping_status":"closed","sticky":false,"template":"","format":"standard","meta":{"footnotes":""},"categories":[1],"tags":[],"_links":{"self":[{"href":"https:\/\/dureriskola.hu\/bay\/index.php?rest_route=\/wp\/v2\/posts\/3236"}],"collection":[{"href":"https:\/\/dureriskola.hu\/bay\/index.php?rest_route=\/wp\/v2\/posts"}],"about":[{"href":"https:\/\/dureriskola.hu\/bay\/index.php?rest_route=\/wp\/v2\/types\/post"}],"author":[{"embeddable":true,"href":"https:\/\/dureriskola.hu\/bay\/index.php?rest_route=\/wp\/v2\/users\/1"}],"replies":[{"embeddable":true,"href":"https:\/\/dureriskola.hu\/bay\/index.php?rest_route=%2Fwp%2Fv2%2Fcomments&post=3236"}],"version-history":[{"count":6,"href":"https:\/\/dureriskola.hu\/bay\/index.php?rest_route=\/wp\/v2\/posts\/3236\/revisions"}],"predecessor-version":[{"id":3277,"href":"https:\/\/dureriskola.hu\/bay\/index.php?rest_route=\/wp\/v2\/posts\/3236\/revisions\/3277"}],"wp:attachment":[{"href":"https:\/\/dureriskola.hu\/bay\/index.php?rest_route=%2Fwp%2Fv2%2Fmedia&parent=3236"}],"wp:term":[{"taxonomy":"category","embeddable":true,"href":"https:\/\/dureriskola.hu\/bay\/index.php?rest_route=%2Fwp%2Fv2%2Fcategories&post=3236"},{"taxonomy":"post_tag","embeddable":true,"href":"https:\/\/dureriskola.hu\/bay\/index.php?rest_route=%2Fwp%2Fv2%2Ftags&post=3236"}],"curies":[{"name":"wp","href":"https:\/\/api.w.org\/{rel}","templated":true}]}}